{"id":187,"date":"2010-04-19T14:39:00","date_gmt":"2010-04-19T14:39:00","guid":{"rendered":"http:\/\/www.aite-extremadura.org\/blog\/?p=187"},"modified":"2018-05-09T23:39:15","modified_gmt":"2018-05-09T22:39:15","slug":"curso-de-atencion-temprana-de-area-10","status":"publish","type":"post","link":"http:\/\/www.aite-extremadura.org\/blog\/curso-de-atencion-temprana-de-area-10\/","title":{"rendered":"Curso de Atenci\u00f3n Temprana de AREA 10"},"content":{"rendered":"<p><a href=\"http:\/\/www.aite-extremadura.org\/blog\/wp-content\/uploads\/2010\/04\/ATENCION_TEMPRANA.jpg\"><img decoding=\"async\" style=\"display:block; margin:0px auto 10px; text-align:center;cursor:pointer; cursor:hand;width: 200px; height: 142px;\" src=\"http:\/\/www.aite-extremadura.org\/blog\/wp-content\/uploads\/2010\/04\/ATENCION_TEMPRANA-300x213.jpg\" border=\"0\" alt=\"\"id=\"BLOGGER_PHOTO_ID_5461861786513110082\" \/><\/a><br \/>En el pr\u00f3ximo mes de Mayo dar\u00e1 comienzo el curso de Atenci\u00f3n Temprana de AREA 10 de 150 horas, acogido al decreto 151\/2006, de 31 de Julio, por el que se regula el Marco de Atenci\u00f3n a la Discapacidad en Extremadura (MADEX). En la organizaci\u00f3n de este curso ha colaborado AITE. <br \/>Para m\u00e1s informaci\u00f3n pod\u00e9is llamar al tel\u00e9fono gratuito 900 123 111.<\/p>\n","protected":false},"excerpt":{"rendered":"<p>En el pr\u00f3ximo mes de Mayo dar\u00e1 comienzo el curso de Atenci\u00f3n Temprana de AREA 10 de 150 horas, acogido al decreto 151\/2006, de 31 de Julio, por el que se regula el Marco de Atenci\u00f3n a la Discapacidad en Extremadura (MADEX). En la organizaci\u00f3n de este curso ha colaborado AITE. Para m\u00e1s informaci\u00f3n pod\u00e9is [&hellip;]<\/p>\n","protected":false},"author":1,"featured_media":362,"comment_status":"closed","ping_status":"open","sticky":false,"template":"","format":"standard","meta":{"_monsterinsights_skip_tracking":false,"_monsterinsights_sitenote_active":false,"_monsterinsights_sitenote_note":"","_monsterinsights_sitenote_category":0,"footnotes":""},"categories":[4],"tags":[],"class_list":["post-187","post","type-post","status-publish","format-standard","has-post-thumbnail","hentry","category-formacion"],"_links":{"self":[{"href":"http:\/\/www.aite-extremadura.org\/blog\/wp-json\/wp\/v2\/posts\/187","targetHints":{"allow":["GET"]}}],"collection":[{"href":"http:\/\/www.aite-extremadura.org\/blog\/wp-json\/wp\/v2\/posts"}],"about":[{"href":"http:\/\/www.aite-extremadura.org\/blog\/wp-json\/wp\/v2\/types\/post"}],"author":[{"embeddable":true,"href":"http:\/\/www.aite-extremadura.org\/blog\/wp-json\/wp\/v2\/users\/1"}],"replies":[{"embeddable":true,"href":"http:\/\/www.aite-extremadura.org\/blog\/wp-json\/wp\/v2\/comments?post=187"}],"version-history":[{"count":1,"href":"http:\/\/www.aite-extremadura.org\/blog\/wp-json\/wp\/v2\/posts\/187\/revisions"}],"predecessor-version":[{"id":577,"href":"http:\/\/www.aite-extremadura.org\/blog\/wp-json\/wp\/v2\/posts\/187\/revisions\/577"}],"wp:featuredmedia":[{"embeddable":true,"href":"http:\/\/www.aite-extremadura.org\/blog\/wp-json\/wp\/v2\/media\/362"}],"wp:attachment":[{"href":"http:\/\/www.aite-extremadura.org\/blog\/wp-json\/wp\/v2\/media?parent=187"}],"wp:term":[{"taxonomy":"category","embeddable":true,"href":"http:\/\/www.aite-extremadura.org\/blog\/wp-json\/wp\/v2\/categories?post=187"},{"taxonomy":"post_tag","embeddable":true,"href":"http:\/\/www.aite-extremadura.org\/blog\/wp-json\/wp\/v2\/tags?post=187"}],"curies":[{"name":"wp","href":"https:\/\/api.w.org\/{rel}","templated":true}]}}