{"id":186,"date":"2010-04-20T14:54:00","date_gmt":"2010-04-20T14:54:00","guid":{"rendered":"http:\/\/www.aite-extremadura.org\/blog\/?p=186"},"modified":"2018-05-09T23:39:15","modified_gmt":"2018-05-09T22:39:15","slug":"estimular-y-aprender","status":"publish","type":"post","link":"http:\/\/www.aite-extremadura.org\/blog\/estimular-y-aprender\/","title":{"rendered":"Estimular y aprender"},"content":{"rendered":"<p><a href=\"http:\/\/www.aite-extremadura.org\/blog\/wp-content\/uploads\/2010\/04\/estimularyaprender.jpg\"><img decoding=\"async\" style=\"float:left; margin:0 10px 10px 0;cursor:pointer; cursor:hand;width: 163px; height: 200px;\" src=\"http:\/\/www.aite-extremadura.org\/blog\/wp-content\/uploads\/2010\/04\/estimularyaprender.jpg\" border=\"0\" alt=\"\"id=\"BLOGGER_PHOTO_ID_5462234824861712834\" \/><\/a><br \/>Es una colecci\u00f3n de 4 CD\u00b4s con m\u00e1s de 1500 actividades, para ni\u00f1os de 2 a 6 a\u00f1os, con atractivos dibujos, sonidos y animaciones con el siguiente contenido: Atenci\u00f3n, Audici\u00f3n y Lenguaje, L\u00f3gica, Memoria, Conceptos B\u00e1sicos y Percepci\u00f3n. Todas las actividades tambi\u00e9n est\u00e1n en On-Line para poder trabajar a trav\u00e9s de Internet. Os dejamos el enlace a la <a href=\"http:\/\/www.gesfomedia.com\/educacion.html\">p\u00e1gina de Gesfomedia<\/a> donde os pod\u00e9is descargar la demo.<\/p>\n","protected":false},"excerpt":{"rendered":"<p>Es una colecci\u00f3n de 4 CD\u00b4s con m\u00e1s de 1500 actividades, para ni\u00f1os de 2 a 6 a\u00f1os, con atractivos dibujos, sonidos y animaciones con el siguiente contenido: Atenci\u00f3n, Audici\u00f3n y Lenguaje, L\u00f3gica, Memoria, Conceptos B\u00e1sicos y Percepci\u00f3n. Todas las actividades tambi\u00e9n est\u00e1n en On-Line para poder trabajar a trav\u00e9s de Internet. Os dejamos el [&hellip;]<\/p>\n","protected":false},"author":1,"featured_media":361,"comment_status":"closed","ping_status":"open","sticky":false,"template":"","format":"standard","meta":{"_monsterinsights_skip_tracking":false,"_monsterinsights_sitenote_active":false,"_monsterinsights_sitenote_note":"","_monsterinsights_sitenote_category":0,"footnotes":""},"categories":[12],"tags":[],"class_list":["post-186","post","type-post","status-publish","format-standard","has-post-thumbnail","hentry","category-material"],"_links":{"self":[{"href":"http:\/\/www.aite-extremadura.org\/blog\/wp-json\/wp\/v2\/posts\/186","targetHints":{"allow":["GET"]}}],"collection":[{"href":"http:\/\/www.aite-extremadura.org\/blog\/wp-json\/wp\/v2\/posts"}],"about":[{"href":"http:\/\/www.aite-extremadura.org\/blog\/wp-json\/wp\/v2\/types\/post"}],"author":[{"embeddable":true,"href":"http:\/\/www.aite-extremadura.org\/blog\/wp-json\/wp\/v2\/users\/1"}],"replies":[{"embeddable":true,"href":"http:\/\/www.aite-extremadura.org\/blog\/wp-json\/wp\/v2\/comments?post=186"}],"version-history":[{"count":1,"href":"http:\/\/www.aite-extremadura.org\/blog\/wp-json\/wp\/v2\/posts\/186\/revisions"}],"predecessor-version":[{"id":576,"href":"http:\/\/www.aite-extremadura.org\/blog\/wp-json\/wp\/v2\/posts\/186\/revisions\/576"}],"wp:featuredmedia":[{"embeddable":true,"href":"http:\/\/www.aite-extremadura.org\/blog\/wp-json\/wp\/v2\/media\/361"}],"wp:attachment":[{"href":"http:\/\/www.aite-extremadura.org\/blog\/wp-json\/wp\/v2\/media?parent=186"}],"wp:term":[{"taxonomy":"category","embeddable":true,"href":"http:\/\/www.aite-extremadura.org\/blog\/wp-json\/wp\/v2\/categories?post=186"},{"taxonomy":"post_tag","embeddable":true,"href":"http:\/\/www.aite-extremadura.org\/blog\/wp-json\/wp\/v2\/tags?post=186"}],"curies":[{"name":"wp","href":"https:\/\/api.w.org\/{rel}","templated":true}]}}