{"id":184,"date":"2010-04-28T15:11:00","date_gmt":"2010-04-28T15:11:00","guid":{"rendered":"http:\/\/www.aite-extremadura.org\/blog\/?p=184"},"modified":"2018-05-09T23:39:15","modified_gmt":"2018-05-09T22:39:15","slug":"apuesta-por-la-atencion-temprana","status":"publish","type":"post","link":"http:\/\/www.aite-extremadura.org\/blog\/apuesta-por-la-atencion-temprana\/","title":{"rendered":"Apuesta por la Atenci\u00f3n Temprana"},"content":{"rendered":"<p><a href=\"http:\/\/www.aite-extremadura.org\/blog\/wp-content\/uploads\/2010\/04\/1641608.jpg\"><img decoding=\"async\" style=\"float:right; margin:0 0 10px 10px;cursor:pointer; cursor:hand;width: 200px; height: 133px;\" src=\"http:\/\/www.aite-extremadura.org\/blog\/wp-content\/uploads\/2010\/04\/1641608-300x200.jpg\" border=\"0\" alt=\"\"id=\"BLOGGER_PHOTO_ID_5465208469952639202\" \/><\/a><br \/>Nuestros compa\u00f1eros de Aprosuba 3 de Badajoz est\u00e1n de enhorabuena. Han inaugurado unas nuevas instalaciones donde se ubicar\u00e1 el centro de Atenci\u00f3n Temprana y Habilitaci\u00f3n Funcional de la Asociaci\u00f3n. Pod\u00e9is acceder a la noticia del diario Hoy desde <a href=\"http:\/\/www.hoy.es\/v\/20100427\/badajoz\/apuesta-atencion-temprana-20100427.html\">aqu\u00ed<\/a>. <br \/>Queremos felicitaros desde AITE, por vuestro empe\u00f1o y por este nuevo logro.<\/p>\n","protected":false},"excerpt":{"rendered":"<p>Nuestros compa\u00f1eros de Aprosuba 3 de Badajoz est\u00e1n de enhorabuena. Han inaugurado unas nuevas instalaciones donde se ubicar\u00e1 el centro de Atenci\u00f3n Temprana y Habilitaci\u00f3n Funcional de la Asociaci\u00f3n. Pod\u00e9is acceder a la noticia del diario Hoy desde aqu\u00ed. Queremos felicitaros desde AITE, por vuestro empe\u00f1o y por este nuevo logro.<\/p>\n","protected":false},"author":1,"featured_media":359,"comment_status":"closed","ping_status":"open","sticky":false,"template":"","format":"standard","meta":{"_monsterinsights_skip_tracking":false,"_monsterinsights_sitenote_active":false,"_monsterinsights_sitenote_note":"","_monsterinsights_sitenote_category":0,"footnotes":""},"categories":[7],"tags":[],"class_list":["post-184","post","type-post","status-publish","format-standard","has-post-thumbnail","hentry","category-noticias"],"_links":{"self":[{"href":"http:\/\/www.aite-extremadura.org\/blog\/wp-json\/wp\/v2\/posts\/184","targetHints":{"allow":["GET"]}}],"collection":[{"href":"http:\/\/www.aite-extremadura.org\/blog\/wp-json\/wp\/v2\/posts"}],"about":[{"href":"http:\/\/www.aite-extremadura.org\/blog\/wp-json\/wp\/v2\/types\/post"}],"author":[{"embeddable":true,"href":"http:\/\/www.aite-extremadura.org\/blog\/wp-json\/wp\/v2\/users\/1"}],"replies":[{"embeddable":true,"href":"http:\/\/www.aite-extremadura.org\/blog\/wp-json\/wp\/v2\/comments?post=184"}],"version-history":[{"count":1,"href":"http:\/\/www.aite-extremadura.org\/blog\/wp-json\/wp\/v2\/posts\/184\/revisions"}],"predecessor-version":[{"id":574,"href":"http:\/\/www.aite-extremadura.org\/blog\/wp-json\/wp\/v2\/posts\/184\/revisions\/574"}],"wp:featuredmedia":[{"embeddable":true,"href":"http:\/\/www.aite-extremadura.org\/blog\/wp-json\/wp\/v2\/media\/359"}],"wp:attachment":[{"href":"http:\/\/www.aite-extremadura.org\/blog\/wp-json\/wp\/v2\/media?parent=184"}],"wp:term":[{"taxonomy":"category","embeddable":true,"href":"http:\/\/www.aite-extremadura.org\/blog\/wp-json\/wp\/v2\/categories?post=184"},{"taxonomy":"post_tag","embeddable":true,"href":"http:\/\/www.aite-extremadura.org\/blog\/wp-json\/wp\/v2\/tags?post=184"}],"curies":[{"name":"wp","href":"https:\/\/api.w.org\/{rel}","templated":true}]}}