{"id":183,"date":"2010-05-04T18:33:00","date_gmt":"2010-05-04T18:33:00","guid":{"rendered":"http:\/\/www.aite-extremadura.org\/blog\/?p=183"},"modified":"2018-05-09T23:39:15","modified_gmt":"2018-05-09T22:39:15","slug":"reportaje-en-canal-extremadura-autismo-una-mente-diferente","status":"publish","type":"post","link":"http:\/\/www.aite-extremadura.org\/blog\/reportaje-en-canal-extremadura-autismo-una-mente-diferente\/","title":{"rendered":"Reportaje en Canal Extremadura. Autismo, una mente diferente"},"content":{"rendered":"<p><a href=\"http:\/\/www.aite-extremadura.org\/blog\/wp-content\/uploads\/2010\/05\/soy-vecino2.jpg\"><img decoding=\"async\" style=\"float:left; margin:0 10px 10px 0;cursor:pointer; cursor:hand;width: 184px; height: 180px;\" src=\"http:\/\/www.aite-extremadura.org\/blog\/wp-content\/uploads\/2010\/05\/soy-vecino2.jpg\" border=\"0\" alt=\"\"id=\"BLOGGER_PHOTO_ID_5467486688138271170\" \/><\/a><br \/>En el programa Soy Vecino de Canal Extremadura se ha emitido el pasado d\u00eda 3 de Mayo el reportaje \u00abAutismo, una mente diferente\u00bb grabado en la Asociaci\u00f3n de Padres de Ni\u00f1os Autistas de Badajoz (APNABA). Pod\u00e9is ver el reportaje <a href=\"http:\/\/tv.canalextremadura.es\/tv-a-la-carta\/videos\/soy-vecino-3-de-mayo\">aqu\u00ed<\/a> (s\u00f3lo estar\u00e1 colgado unos d\u00edas).<\/p>\n","protected":false},"excerpt":{"rendered":"<p>En el programa Soy Vecino de Canal Extremadura se ha emitido el pasado d\u00eda 3 de Mayo el reportaje \u00abAutismo, una mente diferente\u00bb grabado en la Asociaci\u00f3n de Padres de Ni\u00f1os Autistas de Badajoz (APNABA). Pod\u00e9is ver el reportaje aqu\u00ed (s\u00f3lo estar\u00e1 colgado unos d\u00edas).<\/p>\n","protected":false},"author":1,"featured_media":358,"comment_status":"closed","ping_status":"open","sticky":false,"template":"","format":"standard","meta":{"_monsterinsights_skip_tracking":false,"_monsterinsights_sitenote_active":false,"_monsterinsights_sitenote_note":"","_monsterinsights_sitenote_category":0,"footnotes":""},"categories":[7],"tags":[],"class_list":["post-183","post","type-post","status-publish","format-standard","has-post-thumbnail","hentry","category-noticias"],"_links":{"self":[{"href":"http:\/\/www.aite-extremadura.org\/blog\/wp-json\/wp\/v2\/posts\/183","targetHints":{"allow":["GET"]}}],"collection":[{"href":"http:\/\/www.aite-extremadura.org\/blog\/wp-json\/wp\/v2\/posts"}],"about":[{"href":"http:\/\/www.aite-extremadura.org\/blog\/wp-json\/wp\/v2\/types\/post"}],"author":[{"embeddable":true,"href":"http:\/\/www.aite-extremadura.org\/blog\/wp-json\/wp\/v2\/users\/1"}],"replies":[{"embeddable":true,"href":"http:\/\/www.aite-extremadura.org\/blog\/wp-json\/wp\/v2\/comments?post=183"}],"version-history":[{"count":1,"href":"http:\/\/www.aite-extremadura.org\/blog\/wp-json\/wp\/v2\/posts\/183\/revisions"}],"predecessor-version":[{"id":573,"href":"http:\/\/www.aite-extremadura.org\/blog\/wp-json\/wp\/v2\/posts\/183\/revisions\/573"}],"wp:featuredmedia":[{"embeddable":true,"href":"http:\/\/www.aite-extremadura.org\/blog\/wp-json\/wp\/v2\/media\/358"}],"wp:attachment":[{"href":"http:\/\/www.aite-extremadura.org\/blog\/wp-json\/wp\/v2\/media?parent=183"}],"wp:term":[{"taxonomy":"category","embeddable":true,"href":"http:\/\/www.aite-extremadura.org\/blog\/wp-json\/wp\/v2\/categories?post=183"},{"taxonomy":"post_tag","embeddable":true,"href":"http:\/\/www.aite-extremadura.org\/blog\/wp-json\/wp\/v2\/tags?post=183"}],"curies":[{"name":"wp","href":"https:\/\/api.w.org\/{rel}","templated":true}]}}