{"id":182,"date":"2010-05-08T18:33:00","date_gmt":"2010-05-08T18:33:00","guid":{"rendered":"http:\/\/www.aite-extremadura.org\/blog\/?p=182"},"modified":"2018-05-09T23:39:14","modified_gmt":"2018-05-09T22:39:14","slug":"nueva-pagina-web-de-asxfex","status":"publish","type":"post","link":"http:\/\/www.aite-extremadura.org\/blog\/nueva-pagina-web-de-asxfex\/","title":{"rendered":"Nueva p\u00e1gina web de ASXFEX"},"content":{"rendered":"<p><a href=\"http:\/\/www.aite-extremadura.org\/blog\/wp-content\/uploads\/2010\/05\/logotipo-x-fragil1.jpg\"><img decoding=\"async\" style=\"display:block; margin:0px auto 10px; text-align:center;cursor:pointer; cursor:hand;width: 141px; height: 199px;\" src=\"http:\/\/www.aite-extremadura.org\/blog\/wp-content\/uploads\/2010\/05\/logotipo-x-fragil1.jpg\" border=\"0\" alt=\"\"id=\"BLOGGER_PHOTO_ID_5468974013448860066\" \/><\/a><br \/>La Asociaci\u00f3n de S\u00edndrome X Fr\u00e1gil de Extremadura estrena nueva p\u00e1gina web. Desde AITE queremos darle difusi\u00f3n y animar a todos a que la visit\u00e9is. La direcci\u00f3n es <a href=\"http:\/\/www.xfragil-extremadura.es\/\">www.xfragil-extremadura.es<\/a><\/p>\n","protected":false},"excerpt":{"rendered":"<p>La Asociaci\u00f3n de S\u00edndrome X Fr\u00e1gil de Extremadura estrena nueva p\u00e1gina web. Desde AITE queremos darle difusi\u00f3n y animar a todos a que la visit\u00e9is. La direcci\u00f3n es www.xfragil-extremadura.es<\/p>\n","protected":false},"author":1,"featured_media":357,"comment_status":"closed","ping_status":"open","sticky":false,"template":"","format":"standard","meta":{"_monsterinsights_skip_tracking":false,"_monsterinsights_sitenote_active":false,"_monsterinsights_sitenote_note":"","_monsterinsights_sitenote_category":0,"footnotes":""},"categories":[7],"tags":[],"class_list":["post-182","post","type-post","status-publish","format-standard","has-post-thumbnail","hentry","category-noticias"],"_links":{"self":[{"href":"http:\/\/www.aite-extremadura.org\/blog\/wp-json\/wp\/v2\/posts\/182","targetHints":{"allow":["GET"]}}],"collection":[{"href":"http:\/\/www.aite-extremadura.org\/blog\/wp-json\/wp\/v2\/posts"}],"about":[{"href":"http:\/\/www.aite-extremadura.org\/blog\/wp-json\/wp\/v2\/types\/post"}],"author":[{"embeddable":true,"href":"http:\/\/www.aite-extremadura.org\/blog\/wp-json\/wp\/v2\/users\/1"}],"replies":[{"embeddable":true,"href":"http:\/\/www.aite-extremadura.org\/blog\/wp-json\/wp\/v2\/comments?post=182"}],"version-history":[{"count":1,"href":"http:\/\/www.aite-extremadura.org\/blog\/wp-json\/wp\/v2\/posts\/182\/revisions"}],"predecessor-version":[{"id":572,"href":"http:\/\/www.aite-extremadura.org\/blog\/wp-json\/wp\/v2\/posts\/182\/revisions\/572"}],"wp:featuredmedia":[{"embeddable":true,"href":"http:\/\/www.aite-extremadura.org\/blog\/wp-json\/wp\/v2\/media\/357"}],"wp:attachment":[{"href":"http:\/\/www.aite-extremadura.org\/blog\/wp-json\/wp\/v2\/media?parent=182"}],"wp:term":[{"taxonomy":"category","embeddable":true,"href":"http:\/\/www.aite-extremadura.org\/blog\/wp-json\/wp\/v2\/categories?post=182"},{"taxonomy":"post_tag","embeddable":true,"href":"http:\/\/www.aite-extremadura.org\/blog\/wp-json\/wp\/v2\/tags?post=182"}],"curies":[{"name":"wp","href":"https:\/\/api.w.org\/{rel}","templated":true}]}}