{"id":180,"date":"2010-05-15T12:13:00","date_gmt":"2010-05-15T12:13:00","guid":{"rendered":"http:\/\/www.aite-extremadura.org\/blog\/?p=180"},"modified":"2018-05-09T23:39:14","modified_gmt":"2018-05-09T22:39:14","slug":"rincon-de-orientacion-y-atencion-a-la-diversidad","status":"publish","type":"post","link":"http:\/\/www.aite-extremadura.org\/blog\/rincon-de-orientacion-y-atencion-a-la-diversidad\/","title":{"rendered":"Rinc\u00f3n de Orientaci\u00f3n y Atenci\u00f3n a la Diversidad"},"content":{"rendered":"<p><a href=\"http:\/\/www.aite-extremadura.org\/blog\/wp-content\/uploads\/2010\/05\/edublogs10_1_200.jpg\"><img decoding=\"async\" style=\"float:left; margin:0 10px 10px 0;cursor:pointer; cursor:hand;width: 161px; height: 200px;\" src=\"http:\/\/www.aite-extremadura.org\/blog\/wp-content\/uploads\/2010\/05\/edublogs10_1_200.jpg\" border=\"0\" alt=\"\"id=\"BLOGGER_PHOTO_ID_5471470353798416530\" \/><\/a><br \/>Este blog educativo, que pertenece a la Junta de Extremadura, ha sido el primer clasificado en el IV Premio Espiral Edublogs 2010. Merece la pena suscribirse a su bolet\u00edn y tenerlo entre nuestros favoritos. Seguro que os gustar\u00e1 echarle un vistazo <a href=\"http:\/\/rincones.educarex.es\/diversidad\/index.php\">aqu\u00ed<\/a>. Nosotros lo a\u00f1adimos a nuestras p\u00e1ginas interesantes. Desde \u00e9l pod\u00e9is descargar recursos o acceder a ellos on line.<\/p>\n","protected":false},"excerpt":{"rendered":"<p>Este blog educativo, que pertenece a la Junta de Extremadura, ha sido el primer clasificado en el IV Premio Espiral Edublogs 2010. Merece la pena suscribirse a su bolet\u00edn y tenerlo entre nuestros favoritos. Seguro que os gustar\u00e1 echarle un vistazo aqu\u00ed. Nosotros lo a\u00f1adimos a nuestras p\u00e1ginas interesantes. Desde \u00e9l pod\u00e9is descargar recursos o [&hellip;]<\/p>\n","protected":false},"author":1,"featured_media":355,"comment_status":"closed","ping_status":"open","sticky":false,"template":"","format":"standard","meta":{"_monsterinsights_skip_tracking":false,"_monsterinsights_sitenote_active":false,"_monsterinsights_sitenote_note":"","_monsterinsights_sitenote_category":0,"footnotes":""},"categories":[9],"tags":[],"class_list":["post-180","post","type-post","status-publish","format-standard","has-post-thumbnail","hentry","category-paginas-de-interes"],"_links":{"self":[{"href":"http:\/\/www.aite-extremadura.org\/blog\/wp-json\/wp\/v2\/posts\/180","targetHints":{"allow":["GET"]}}],"collection":[{"href":"http:\/\/www.aite-extremadura.org\/blog\/wp-json\/wp\/v2\/posts"}],"about":[{"href":"http:\/\/www.aite-extremadura.org\/blog\/wp-json\/wp\/v2\/types\/post"}],"author":[{"embeddable":true,"href":"http:\/\/www.aite-extremadura.org\/blog\/wp-json\/wp\/v2\/users\/1"}],"replies":[{"embeddable":true,"href":"http:\/\/www.aite-extremadura.org\/blog\/wp-json\/wp\/v2\/comments?post=180"}],"version-history":[{"count":1,"href":"http:\/\/www.aite-extremadura.org\/blog\/wp-json\/wp\/v2\/posts\/180\/revisions"}],"predecessor-version":[{"id":570,"href":"http:\/\/www.aite-extremadura.org\/blog\/wp-json\/wp\/v2\/posts\/180\/revisions\/570"}],"wp:featuredmedia":[{"embeddable":true,"href":"http:\/\/www.aite-extremadura.org\/blog\/wp-json\/wp\/v2\/media\/355"}],"wp:attachment":[{"href":"http:\/\/www.aite-extremadura.org\/blog\/wp-json\/wp\/v2\/media?parent=180"}],"wp:term":[{"taxonomy":"category","embeddable":true,"href":"http:\/\/www.aite-extremadura.org\/blog\/wp-json\/wp\/v2\/categories?post=180"},{"taxonomy":"post_tag","embeddable":true,"href":"http:\/\/www.aite-extremadura.org\/blog\/wp-json\/wp\/v2\/tags?post=180"}],"curies":[{"name":"wp","href":"https:\/\/api.w.org\/{rel}","templated":true}]}}