{"id":179,"date":"2010-05-17T07:21:00","date_gmt":"2010-05-17T07:21:00","guid":{"rendered":"http:\/\/www.aite-extremadura.org\/blog\/?p=179"},"modified":"2018-05-09T23:39:14","modified_gmt":"2018-05-09T22:39:14","slug":"guia-de-practica-clinica-para-el-manejo-de-pacientes-con-trastornos-del-espectro-autista-tea-en-atencion-primaria","status":"publish","type":"post","link":"http:\/\/www.aite-extremadura.org\/blog\/guia-de-practica-clinica-para-el-manejo-de-pacientes-con-trastornos-del-espectro-autista-tea-en-atencion-primaria\/","title":{"rendered":"Gu\u00eda de Pr\u00e1ctica Cl\u00ednica para el Manejo de Pacientes con Trastornos del Espectro Autista (TEA) en Atenci\u00f3n Primaria"},"content":{"rendered":"<p><a href=\"http:\/\/www.aite-extremadura.org\/blog\/wp-content\/uploads\/2010\/05\/imgAutismo.jpg\"><img decoding=\"async\" style=\"float:right; margin:0 0 10px 10px;cursor:pointer; cursor:hand;width: 105px; height: 101px;\" src=\"http:\/\/www.aite-extremadura.org\/blog\/wp-content\/uploads\/2010\/05\/imgAutismo.jpg\" border=\"0\" alt=\"\"id=\"BLOGGER_PHOTO_ID_5472137132728653186\" \/><\/a><br \/>La gu\u00eda se dirige fundamentamente a los profesionales que trabajan en el \u00e1mbito de Atenci\u00f3n Primaria (pediatras, m\u00e9dicos de familia, enfermeras, trabajadores sociales). La informaci\u00f3n ser\u00e1 de utilidad para otros profesionales implicados en la detecci\u00f3n y atenci\u00f3n de los TEA, tanto del \u00e1mbito educativo (educadores en general y equipos de Orientaci\u00f3n) como de servicios sociales (unidades de Atenci\u00f3n Temprana). Tambi\u00e9n se dirige a los padres que acuden a este primer nivel asistencial. La gu\u00eda se complementa con informaci\u00f3n para las familias. Existen dos versiones espec\u00edficas para padres. La primera orienta a los mismos cuando existe una sospecha en el desarrollo social y comunicativo del ni\u00f1o. La segunda proporciona informaci\u00f3n sobre los TEA en los casos en que se confirma el diagn\u00f3stico.<br \/>Disponible en: <\/p>\n<p><a href=\"http:\/\/www.guiasalud.es\/GPC\/GPC_462_Autismo_Lain_Entr_compl.pdf\">http:\/\/www.guiasalud.es\/GPC\/GPC_462_Autismo_Lain_Entr_compl.pdf<\/a><\/p>\n","protected":false},"excerpt":{"rendered":"<p>La gu\u00eda se dirige fundamentamente a los profesionales que trabajan en el \u00e1mbito de Atenci\u00f3n Primaria (pediatras, m\u00e9dicos de familia, enfermeras, trabajadores sociales). La informaci\u00f3n ser\u00e1 de utilidad para otros profesionales implicados en la detecci\u00f3n y atenci\u00f3n de los TEA, tanto del \u00e1mbito educativo (educadores en general y equipos de Orientaci\u00f3n) como de servicios sociales [&hellip;]<\/p>\n","protected":false},"author":1,"featured_media":354,"comment_status":"closed","ping_status":"open","sticky":false,"template":"","format":"standard","meta":{"_monsterinsights_skip_tracking":false,"_monsterinsights_sitenote_active":false,"_monsterinsights_sitenote_note":"","_monsterinsights_sitenote_category":0,"footnotes":""},"categories":[2],"tags":[],"class_list":["post-179","post","type-post","status-publish","format-standard","has-post-thumbnail","hentry","category-libros"],"_links":{"self":[{"href":"http:\/\/www.aite-extremadura.org\/blog\/wp-json\/wp\/v2\/posts\/179","targetHints":{"allow":["GET"]}}],"collection":[{"href":"http:\/\/www.aite-extremadura.org\/blog\/wp-json\/wp\/v2\/posts"}],"about":[{"href":"http:\/\/www.aite-extremadura.org\/blog\/wp-json\/wp\/v2\/types\/post"}],"author":[{"embeddable":true,"href":"http:\/\/www.aite-extremadura.org\/blog\/wp-json\/wp\/v2\/users\/1"}],"replies":[{"embeddable":true,"href":"http:\/\/www.aite-extremadura.org\/blog\/wp-json\/wp\/v2\/comments?post=179"}],"version-history":[{"count":1,"href":"http:\/\/www.aite-extremadura.org\/blog\/wp-json\/wp\/v2\/posts\/179\/revisions"}],"predecessor-version":[{"id":569,"href":"http:\/\/www.aite-extremadura.org\/blog\/wp-json\/wp\/v2\/posts\/179\/revisions\/569"}],"wp:featuredmedia":[{"embeddable":true,"href":"http:\/\/www.aite-extremadura.org\/blog\/wp-json\/wp\/v2\/media\/354"}],"wp:attachment":[{"href":"http:\/\/www.aite-extremadura.org\/blog\/wp-json\/wp\/v2\/media?parent=179"}],"wp:term":[{"taxonomy":"category","embeddable":true,"href":"http:\/\/www.aite-extremadura.org\/blog\/wp-json\/wp\/v2\/categories?post=179"},{"taxonomy":"post_tag","embeddable":true,"href":"http:\/\/www.aite-extremadura.org\/blog\/wp-json\/wp\/v2\/tags?post=179"}],"curies":[{"name":"wp","href":"https:\/\/api.w.org\/{rel}","templated":true}]}}