{"id":178,"date":"2010-05-17T08:09:00","date_gmt":"2010-05-17T08:09:00","guid":{"rendered":"http:\/\/www.aite-extremadura.org\/blog\/?p=178"},"modified":"2018-05-09T23:39:14","modified_gmt":"2018-05-09T22:39:14","slug":"curso-atencion-temprana-area-10","status":"publish","type":"post","link":"http:\/\/www.aite-extremadura.org\/blog\/curso-atencion-temprana-area-10\/","title":{"rendered":"Curso Atenci\u00f3n Temprana AREA 10"},"content":{"rendered":"<p><a href=\"http:\/\/www.aite-extremadura.org\/blog\/wp-content\/uploads\/2010\/05\/ATENCION_TEMPRANA.jpg\"><img decoding=\"async\" style=\"float:right; margin:0 0 10px 10px;cursor:pointer; cursor:hand;width: 200px; height: 142px;\" src=\"http:\/\/www.aite-extremadura.org\/blog\/wp-content\/uploads\/2010\/05\/ATENCION_TEMPRANA-300x213.jpg\" border=\"0\" alt=\"\"id=\"BLOGGER_PHOTO_ID_5472149712332586786\" \/><\/a><br \/>Finalmente, el curso de AREA 10 tendr\u00e1 un precio de 420 \u20ac para aquellas personas que no puedan acogerse a las bonificaciones de la Seguridad Social (en este \u00faltimo caso, ser\u00eda gratuito). <br \/>Os recordamos que es un curso de 150 horas, acogido a MADEX y que ha contado con la colaboraci\u00f3n de AITE. Ser\u00e1 impartido por profesionales con amplia experiencia en Atenci\u00f3n Temprana.<br \/>Si quer\u00e9is m\u00e1s informaci\u00f3n pod\u00e9is llamar al tel\u00e9fono gratuito 900 123 111.<\/p>\n","protected":false},"excerpt":{"rendered":"<p>Finalmente, el curso de AREA 10 tendr\u00e1 un precio de 420 \u20ac para aquellas personas que no puedan acogerse a las bonificaciones de la Seguridad Social (en este \u00faltimo caso, ser\u00eda gratuito). Os recordamos que es un curso de 150 horas, acogido a MADEX y que ha contado con la colaboraci\u00f3n de AITE. Ser\u00e1 impartido [&hellip;]<\/p>\n","protected":false},"author":1,"featured_media":353,"comment_status":"closed","ping_status":"open","sticky":false,"template":"","format":"standard","meta":{"_monsterinsights_skip_tracking":false,"_monsterinsights_sitenote_active":false,"_monsterinsights_sitenote_note":"","_monsterinsights_sitenote_category":0,"footnotes":""},"categories":[4],"tags":[],"class_list":["post-178","post","type-post","status-publish","format-standard","has-post-thumbnail","hentry","category-formacion"],"_links":{"self":[{"href":"http:\/\/www.aite-extremadura.org\/blog\/wp-json\/wp\/v2\/posts\/178","targetHints":{"allow":["GET"]}}],"collection":[{"href":"http:\/\/www.aite-extremadura.org\/blog\/wp-json\/wp\/v2\/posts"}],"about":[{"href":"http:\/\/www.aite-extremadura.org\/blog\/wp-json\/wp\/v2\/types\/post"}],"author":[{"embeddable":true,"href":"http:\/\/www.aite-extremadura.org\/blog\/wp-json\/wp\/v2\/users\/1"}],"replies":[{"embeddable":true,"href":"http:\/\/www.aite-extremadura.org\/blog\/wp-json\/wp\/v2\/comments?post=178"}],"version-history":[{"count":1,"href":"http:\/\/www.aite-extremadura.org\/blog\/wp-json\/wp\/v2\/posts\/178\/revisions"}],"predecessor-version":[{"id":568,"href":"http:\/\/www.aite-extremadura.org\/blog\/wp-json\/wp\/v2\/posts\/178\/revisions\/568"}],"wp:featuredmedia":[{"embeddable":true,"href":"http:\/\/www.aite-extremadura.org\/blog\/wp-json\/wp\/v2\/media\/353"}],"wp:attachment":[{"href":"http:\/\/www.aite-extremadura.org\/blog\/wp-json\/wp\/v2\/media?parent=178"}],"wp:term":[{"taxonomy":"category","embeddable":true,"href":"http:\/\/www.aite-extremadura.org\/blog\/wp-json\/wp\/v2\/categories?post=178"},{"taxonomy":"post_tag","embeddable":true,"href":"http:\/\/www.aite-extremadura.org\/blog\/wp-json\/wp\/v2\/tags?post=178"}],"curies":[{"name":"wp","href":"https:\/\/api.w.org\/{rel}","templated":true}]}}