{"id":176,"date":"2010-05-19T06:22:00","date_gmt":"2010-05-19T06:22:00","guid":{"rendered":"http:\/\/www.aite-extremadura.org\/blog\/?p=176"},"modified":"2018-05-09T23:39:14","modified_gmt":"2018-05-09T22:39:14","slug":"master-en-prevencion-y-tratamiento-de-la-violencia-2","status":"publish","type":"post","link":"http:\/\/www.aite-extremadura.org\/blog\/master-en-prevencion-y-tratamiento-de-la-violencia-2\/","title":{"rendered":"Master en prevenci\u00f3n y tratamiento de la violencia"},"content":{"rendered":"<p><a href=\"http:\/\/www.aite-extremadura.org\/blog\/wp-content\/uploads\/2010\/05\/unex.jpg\"><img decoding=\"async\" style=\"float:left; margin:0 10px 10px 0;cursor:pointer; cursor:hand;width: 123px; height: 200px;\" src=\"http:\/\/www.aite-extremadura.org\/blog\/wp-content\/uploads\/2010\/05\/unex.jpg\" border=\"0\" alt=\"\"id=\"BLOGGER_PHOTO_ID_5472863272647313522\" \/><\/a><br \/>Desde el 15 de mayo hasta el d\u00eda 30 de junio de 2010 permanecer\u00e1 abierto el plazo para matricularse en la 3\u00aa Edici\u00f3n del \u00abM\u00e1ster en Prevenci\u00f3n y Tratamiento de la Violencia. Intervenci\u00f3n Psicosocial, Sanitaria, Educativa y Jur\u00eddica\u00bb organizado por la Universidad de Extremadura en Modalidad Online (Curso 2010\/2011).  <br \/><a href=\"http:\/\/www.unex.es\/eweb\/masterviolencia\/violencia\/Presentacion.html\">http:\/\/www.unex.es\/eweb\/masterviolencia\/violencia\/Presentacion.html <\/a><br \/>N\u00famero de plazas ofertadas: 20<br \/>Modalidad Online<br \/>80 cr\u00e9ditos (800 horas)<\/p>\n","protected":false},"excerpt":{"rendered":"<p>Desde el 15 de mayo hasta el d\u00eda 30 de junio de 2010 permanecer\u00e1 abierto el plazo para matricularse en la 3\u00aa Edici\u00f3n del \u00abM\u00e1ster en Prevenci\u00f3n y Tratamiento de la Violencia. Intervenci\u00f3n Psicosocial, Sanitaria, Educativa y Jur\u00eddica\u00bb organizado por la Universidad de Extremadura en Modalidad Online (Curso 2010\/2011). http:\/\/www.unex.es\/eweb\/masterviolencia\/violencia\/Presentacion.html N\u00famero de plazas ofertadas: 20Modalidad [&hellip;]<\/p>\n","protected":false},"author":1,"featured_media":352,"comment_status":"closed","ping_status":"open","sticky":false,"template":"","format":"standard","meta":{"_monsterinsights_skip_tracking":false,"_monsterinsights_sitenote_active":false,"_monsterinsights_sitenote_note":"","_monsterinsights_sitenote_category":0,"footnotes":""},"categories":[4],"tags":[],"class_list":["post-176","post","type-post","status-publish","format-standard","has-post-thumbnail","hentry","category-formacion"],"_links":{"self":[{"href":"http:\/\/www.aite-extremadura.org\/blog\/wp-json\/wp\/v2\/posts\/176","targetHints":{"allow":["GET"]}}],"collection":[{"href":"http:\/\/www.aite-extremadura.org\/blog\/wp-json\/wp\/v2\/posts"}],"about":[{"href":"http:\/\/www.aite-extremadura.org\/blog\/wp-json\/wp\/v2\/types\/post"}],"author":[{"embeddable":true,"href":"http:\/\/www.aite-extremadura.org\/blog\/wp-json\/wp\/v2\/users\/1"}],"replies":[{"embeddable":true,"href":"http:\/\/www.aite-extremadura.org\/blog\/wp-json\/wp\/v2\/comments?post=176"}],"version-history":[{"count":1,"href":"http:\/\/www.aite-extremadura.org\/blog\/wp-json\/wp\/v2\/posts\/176\/revisions"}],"predecessor-version":[{"id":567,"href":"http:\/\/www.aite-extremadura.org\/blog\/wp-json\/wp\/v2\/posts\/176\/revisions\/567"}],"wp:featuredmedia":[{"embeddable":true,"href":"http:\/\/www.aite-extremadura.org\/blog\/wp-json\/wp\/v2\/media\/352"}],"wp:attachment":[{"href":"http:\/\/www.aite-extremadura.org\/blog\/wp-json\/wp\/v2\/media?parent=176"}],"wp:term":[{"taxonomy":"category","embeddable":true,"href":"http:\/\/www.aite-extremadura.org\/blog\/wp-json\/wp\/v2\/categories?post=176"},{"taxonomy":"post_tag","embeddable":true,"href":"http:\/\/www.aite-extremadura.org\/blog\/wp-json\/wp\/v2\/tags?post=176"}],"curies":[{"name":"wp","href":"https:\/\/api.w.org\/{rel}","templated":true}]}}