{"id":174,"date":"2010-05-21T10:28:00","date_gmt":"2010-05-21T10:28:00","guid":{"rendered":"http:\/\/www.aite-extremadura.org\/blog\/?p=174"},"modified":"2018-05-09T23:39:14","modified_gmt":"2018-05-09T22:39:14","slug":"nace-la-federacion-iberoamericana-de-sindrome-down","status":"publish","type":"post","link":"http:\/\/www.aite-extremadura.org\/blog\/nace-la-federacion-iberoamericana-de-sindrome-down\/","title":{"rendered":"Nace la Federaci\u00f3n Iberoamericana de S\u00edndrome Down"},"content":{"rendered":"<p><a href=\"http:\/\/www.aite-extremadura.org\/blog\/wp-content\/uploads\/2010\/05\/460_federacionfirma.jpg\"><img decoding=\"async\" style=\"float:right; margin:0 0 10px 10px;cursor:pointer; cursor:hand;width: 200px; height: 132px;\" src=\"http:\/\/www.aite-extremadura.org\/blog\/wp-content\/uploads\/2010\/05\/460_federacionfirma-300x199.jpg\" border=\"0\" alt=\"\"id=\"BLOGGER_PHOTO_ID_5473669754181306514\" \/><\/a><br \/>Asociaciones de personas con s\u00edndrome de Down de trece pa\u00edses (Argentina, Bolivia, Chile, Costa Rica, El Salvador, Espa\u00f1a, M\u00e9xico, Paraguay, Per\u00fa, Portugal, Puerto Rico, Uruguay y Venezuela) han constituido durante la clausura del II Congreso Iberoamericano sobre el S\u00edndrome de Down, la Federaci\u00f3n Iberoamericana de S\u00edndrome de Down. <br \/>Se llamar\u00e1 FIADOWN y constituir\u00e1 una herramienta de uni\u00f3n y cohesi\u00f3n, que fomentar\u00e1 la creaci\u00f3n y el desarrollo de programas operativos e investigaciones comunes y luchar\u00e1 por una mejor defensa de los derechos de estas personas. <br \/>Pod\u00e9is leer la noticia <a href=\"http:\/\/www.sindromedown.net\/index.php?idIdioma=1&amp;idMenu=12&amp;int1=588&amp;volverPortada=1\">aqu\u00ed<\/a>.<br \/>Tambi\u00e9n pod\u00e9is acceder al resumen de las ponencias del Congreso <a href=\"http:\/\/www.sindromedown.net\/index.php?idIdioma=1&amp;idMenu=12&amp;int1=597&amp;volverPortada=1\">aqu\u00ed<\/a>.<\/p>\n","protected":false},"excerpt":{"rendered":"<p>Asociaciones de personas con s\u00edndrome de Down de trece pa\u00edses (Argentina, Bolivia, Chile, Costa Rica, El Salvador, Espa\u00f1a, M\u00e9xico, Paraguay, Per\u00fa, Portugal, Puerto Rico, Uruguay y Venezuela) han constituido durante la clausura del II Congreso Iberoamericano sobre el S\u00edndrome de Down, la Federaci\u00f3n Iberoamericana de S\u00edndrome de Down. Se llamar\u00e1 FIADOWN y constituir\u00e1 una herramienta [&hellip;]<\/p>\n","protected":false},"author":1,"featured_media":351,"comment_status":"closed","ping_status":"open","sticky":false,"template":"","format":"standard","meta":{"_monsterinsights_skip_tracking":false,"_monsterinsights_sitenote_active":false,"_monsterinsights_sitenote_note":"","_monsterinsights_sitenote_category":0,"footnotes":""},"categories":[7],"tags":[],"class_list":["post-174","post","type-post","status-publish","format-standard","has-post-thumbnail","hentry","category-noticias"],"_links":{"self":[{"href":"http:\/\/www.aite-extremadura.org\/blog\/wp-json\/wp\/v2\/posts\/174","targetHints":{"allow":["GET"]}}],"collection":[{"href":"http:\/\/www.aite-extremadura.org\/blog\/wp-json\/wp\/v2\/posts"}],"about":[{"href":"http:\/\/www.aite-extremadura.org\/blog\/wp-json\/wp\/v2\/types\/post"}],"author":[{"embeddable":true,"href":"http:\/\/www.aite-extremadura.org\/blog\/wp-json\/wp\/v2\/users\/1"}],"replies":[{"embeddable":true,"href":"http:\/\/www.aite-extremadura.org\/blog\/wp-json\/wp\/v2\/comments?post=174"}],"version-history":[{"count":1,"href":"http:\/\/www.aite-extremadura.org\/blog\/wp-json\/wp\/v2\/posts\/174\/revisions"}],"predecessor-version":[{"id":565,"href":"http:\/\/www.aite-extremadura.org\/blog\/wp-json\/wp\/v2\/posts\/174\/revisions\/565"}],"wp:featuredmedia":[{"embeddable":true,"href":"http:\/\/www.aite-extremadura.org\/blog\/wp-json\/wp\/v2\/media\/351"}],"wp:attachment":[{"href":"http:\/\/www.aite-extremadura.org\/blog\/wp-json\/wp\/v2\/media?parent=174"}],"wp:term":[{"taxonomy":"category","embeddable":true,"href":"http:\/\/www.aite-extremadura.org\/blog\/wp-json\/wp\/v2\/categories?post=174"},{"taxonomy":"post_tag","embeddable":true,"href":"http:\/\/www.aite-extremadura.org\/blog\/wp-json\/wp\/v2\/tags?post=174"}],"curies":[{"name":"wp","href":"https:\/\/api.w.org\/{rel}","templated":true}]}}