{"id":173,"date":"2010-05-24T07:11:00","date_gmt":"2010-05-24T07:11:00","guid":{"rendered":"http:\/\/www.aite-extremadura.org\/blog\/?p=173"},"modified":"2018-05-09T23:39:14","modified_gmt":"2018-05-09T22:39:14","slug":"acto-de-homenaje-a-angel-riviere","status":"publish","type":"post","link":"http:\/\/www.aite-extremadura.org\/blog\/acto-de-homenaje-a-angel-riviere\/","title":{"rendered":"Acto de homenaje a \u00c1ngel Rivi\u00e8re"},"content":{"rendered":"<p><a href=\"http:\/\/www.aite-extremadura.org\/blog\/wp-content\/uploads\/2010\/05\/Riviere.jpg\"><img decoding=\"async\" style=\"float:left; margin:0 10px 10px 0;cursor:pointer; cursor:hand;width: 152px; height: 196px;\" src=\"http:\/\/www.aite-extremadura.org\/blog\/wp-content\/uploads\/2010\/05\/Riviere.jpg\" border=\"0\" alt=\"\"id=\"BLOGGER_PHOTO_ID_5474732061641838274\" \/><\/a><br \/>Con motivo del d\u00e9cimo aniversario de la muerte de \u00c1ngel Rivi\u00e8re, est\u00e1 previsto un primer acto de homenaje, que tendr\u00e1 lugar el d\u00eda 4 de junio de 2010, a las 19 h., en el Colegio Mayor Loyola (Paseo de Juan XIII, 17, 28040 Madrid). <br \/>M\u00e1s informaci\u00f3n en esta <a href=\"http:\/\/sid.usal.es\/noticias\/discapacidad\/36237\/1-3\/acto-de-homenaje-a-angel-riviere.aspx\">direcci\u00f3n web<\/a>.<\/p>\n","protected":false},"excerpt":{"rendered":"<p>Con motivo del d\u00e9cimo aniversario de la muerte de \u00c1ngel Rivi\u00e8re, est\u00e1 previsto un primer acto de homenaje, que tendr\u00e1 lugar el d\u00eda 4 de junio de 2010, a las 19 h., en el Colegio Mayor Loyola (Paseo de Juan XIII, 17, 28040 Madrid). M\u00e1s informaci\u00f3n en esta direcci\u00f3n web.<\/p>\n","protected":false},"author":1,"featured_media":350,"comment_status":"closed","ping_status":"open","sticky":false,"template":"","format":"standard","meta":{"_monsterinsights_skip_tracking":false,"_monsterinsights_sitenote_active":false,"_monsterinsights_sitenote_note":"","_monsterinsights_sitenote_category":0,"footnotes":""},"categories":[7],"tags":[],"class_list":["post-173","post","type-post","status-publish","format-standard","has-post-thumbnail","hentry","category-noticias"],"_links":{"self":[{"href":"http:\/\/www.aite-extremadura.org\/blog\/wp-json\/wp\/v2\/posts\/173","targetHints":{"allow":["GET"]}}],"collection":[{"href":"http:\/\/www.aite-extremadura.org\/blog\/wp-json\/wp\/v2\/posts"}],"about":[{"href":"http:\/\/www.aite-extremadura.org\/blog\/wp-json\/wp\/v2\/types\/post"}],"author":[{"embeddable":true,"href":"http:\/\/www.aite-extremadura.org\/blog\/wp-json\/wp\/v2\/users\/1"}],"replies":[{"embeddable":true,"href":"http:\/\/www.aite-extremadura.org\/blog\/wp-json\/wp\/v2\/comments?post=173"}],"version-history":[{"count":1,"href":"http:\/\/www.aite-extremadura.org\/blog\/wp-json\/wp\/v2\/posts\/173\/revisions"}],"predecessor-version":[{"id":564,"href":"http:\/\/www.aite-extremadura.org\/blog\/wp-json\/wp\/v2\/posts\/173\/revisions\/564"}],"wp:featuredmedia":[{"embeddable":true,"href":"http:\/\/www.aite-extremadura.org\/blog\/wp-json\/wp\/v2\/media\/350"}],"wp:attachment":[{"href":"http:\/\/www.aite-extremadura.org\/blog\/wp-json\/wp\/v2\/media?parent=173"}],"wp:term":[{"taxonomy":"category","embeddable":true,"href":"http:\/\/www.aite-extremadura.org\/blog\/wp-json\/wp\/v2\/categories?post=173"},{"taxonomy":"post_tag","embeddable":true,"href":"http:\/\/www.aite-extremadura.org\/blog\/wp-json\/wp\/v2\/tags?post=173"}],"curies":[{"name":"wp","href":"https:\/\/api.w.org\/{rel}","templated":true}]}}