{"id":171,"date":"2010-05-25T07:51:00","date_gmt":"2010-05-25T07:51:00","guid":{"rendered":"http:\/\/www.aite-extremadura.org\/blog\/?p=171"},"modified":"2018-05-09T23:39:14","modified_gmt":"2018-05-09T22:39:14","slug":"blog-muy-recomendado","status":"publish","type":"post","link":"http:\/\/www.aite-extremadura.org\/blog\/blog-muy-recomendado\/","title":{"rendered":"Blog muy recomendado"},"content":{"rendered":"<p><a href=\"http:\/\/www.aite-extremadura.org\/blog\/wp-content\/uploads\/2010\/05\/DSCN1200.jpg\"><img decoding=\"async\" style=\"float:left; margin:0 10px 10px 0;cursor:pointer; cursor:hand;width: 200px; height: 150px;\" src=\"http:\/\/www.aite-extremadura.org\/blog\/wp-content\/uploads\/2010\/05\/DSCN1200-300x225.jpg\" border=\"0\" alt=\"\"id=\"BLOGGER_PHOTO_ID_5475114072250121474\" \/><\/a><br \/>Os recomendamos el blog <a href=\"http:\/\/desarrolloinfantilyatenciontemprana.blogspot.com\/\">Desarrollo Infantil y Atenci\u00f3n Temprana<\/a>, realizado por Javier y Mikel. Ya lo ten\u00edamos en nuestras p\u00e1ginas y blogs interesantes, sin embargo, hemos querido insitir en \u00e9l porque nos parece que os puede ser de mucha utilidad. En \u00e9l pod\u00e9is encontrar muchos recursos y, adem\u00e1s, est\u00e1n realizando un calendario de desarrollo mes a mes que merece la pena ir siguiendo. Desde AITE les damos la enhorabuena y les animamos a seguir trabajando y compartiendo informaci\u00f3n en la red. No dej\u00e9is de visitarlo.<\/p>\n","protected":false},"excerpt":{"rendered":"<p>Os recomendamos el blog Desarrollo Infantil y Atenci\u00f3n Temprana, realizado por Javier y Mikel. Ya lo ten\u00edamos en nuestras p\u00e1ginas y blogs interesantes, sin embargo, hemos querido insitir en \u00e9l porque nos parece que os puede ser de mucha utilidad. En \u00e9l pod\u00e9is encontrar muchos recursos y, adem\u00e1s, est\u00e1n realizando un calendario de desarrollo mes [&hellip;]<\/p>\n","protected":false},"author":1,"featured_media":349,"comment_status":"closed","ping_status":"open","sticky":false,"template":"","format":"standard","meta":{"_monsterinsights_skip_tracking":false,"_monsterinsights_sitenote_active":false,"_monsterinsights_sitenote_note":"","_monsterinsights_sitenote_category":0,"footnotes":""},"categories":[9],"tags":[],"class_list":["post-171","post","type-post","status-publish","format-standard","has-post-thumbnail","hentry","category-paginas-de-interes"],"_links":{"self":[{"href":"http:\/\/www.aite-extremadura.org\/blog\/wp-json\/wp\/v2\/posts\/171","targetHints":{"allow":["GET"]}}],"collection":[{"href":"http:\/\/www.aite-extremadura.org\/blog\/wp-json\/wp\/v2\/posts"}],"about":[{"href":"http:\/\/www.aite-extremadura.org\/blog\/wp-json\/wp\/v2\/types\/post"}],"author":[{"embeddable":true,"href":"http:\/\/www.aite-extremadura.org\/blog\/wp-json\/wp\/v2\/users\/1"}],"replies":[{"embeddable":true,"href":"http:\/\/www.aite-extremadura.org\/blog\/wp-json\/wp\/v2\/comments?post=171"}],"version-history":[{"count":1,"href":"http:\/\/www.aite-extremadura.org\/blog\/wp-json\/wp\/v2\/posts\/171\/revisions"}],"predecessor-version":[{"id":562,"href":"http:\/\/www.aite-extremadura.org\/blog\/wp-json\/wp\/v2\/posts\/171\/revisions\/562"}],"wp:featuredmedia":[{"embeddable":true,"href":"http:\/\/www.aite-extremadura.org\/blog\/wp-json\/wp\/v2\/media\/349"}],"wp:attachment":[{"href":"http:\/\/www.aite-extremadura.org\/blog\/wp-json\/wp\/v2\/media?parent=171"}],"wp:term":[{"taxonomy":"category","embeddable":true,"href":"http:\/\/www.aite-extremadura.org\/blog\/wp-json\/wp\/v2\/categories?post=171"},{"taxonomy":"post_tag","embeddable":true,"href":"http:\/\/www.aite-extremadura.org\/blog\/wp-json\/wp\/v2\/tags?post=171"}],"curies":[{"name":"wp","href":"https:\/\/api.w.org\/{rel}","templated":true}]}}