{"id":170,"date":"2010-05-25T11:23:00","date_gmt":"2010-05-25T11:23:00","guid":{"rendered":"http:\/\/www.aite-extremadura.org\/blog\/?p=170"},"modified":"2018-05-09T23:39:14","modified_gmt":"2018-05-09T22:39:14","slug":"por-cuatro-esquinitas-de-nada","status":"publish","type":"post","link":"http:\/\/www.aite-extremadura.org\/blog\/por-cuatro-esquinitas-de-nada\/","title":{"rendered":"Por cuatro esquinitas de nada"},"content":{"rendered":"<p>Nuestro compa\u00f1ero Miguel \u00c1ngel nos env\u00eda este enlace al cuento \u00abPor cuatro esquinitas de nada\u00bb. Un cuento muy significativo para todos los que trabajamos con ni\u00f1os. Se puede conseguir en papel. Ya lo conoc\u00edamos, pero aqu\u00ed lo ten\u00e9is en v\u00eddeo. <br \/><object style=\"background-image:url(http:\/\/i4.ytimg.com\/vi\/OVf1GhKDtW8\/hqdefault.jpg)\"  width=\"425\" height=\"344\"><param name=\"movie\" value=\"http:\/\/www.youtube.com\/v\/OVf1GhKDtW8&amp;hl=es_ES&amp;fs=1\"><param name=\"allowFullScreen\" value=\"true\"><param name=\"allowscriptaccess\" value=\"always\"><embed src=\"http:\/\/www.youtube.com\/v\/OVf1GhKDtW8&amp;hl=es_ES&amp;fs=1\" width=\"425\" height=\"344\" allowScriptAccess=\"never\" allowFullScreen=\"true\" wmode=\"transparent\" type=\"application\/x-shockwave-flash\"><\/embed><\/object><\/p>\n","protected":false},"excerpt":{"rendered":"<p>Nuestro compa\u00f1ero Miguel \u00c1ngel nos env\u00eda este enlace al cuento \u00abPor cuatro esquinitas de nada\u00bb. Un cuento muy significativo para todos los que trabajamos con ni\u00f1os. Se puede conseguir en papel. Ya lo conoc\u00edamos, pero aqu\u00ed lo ten\u00e9is en v\u00eddeo.<\/p>\n","protected":false},"author":1,"featured_media":0,"comment_status":"closed","ping_status":"open","sticky":false,"template":"","format":"standard","meta":{"_monsterinsights_skip_tracking":false,"_monsterinsights_sitenote_active":false,"_monsterinsights_sitenote_note":"","_monsterinsights_sitenote_category":0,"footnotes":""},"categories":[2],"tags":[],"class_list":["post-170","post","type-post","status-publish","format-standard","hentry","category-libros"],"_links":{"self":[{"href":"http:\/\/www.aite-extremadura.org\/blog\/wp-json\/wp\/v2\/posts\/170","targetHints":{"allow":["GET"]}}],"collection":[{"href":"http:\/\/www.aite-extremadura.org\/blog\/wp-json\/wp\/v2\/posts"}],"about":[{"href":"http:\/\/www.aite-extremadura.org\/blog\/wp-json\/wp\/v2\/types\/post"}],"author":[{"embeddable":true,"href":"http:\/\/www.aite-extremadura.org\/blog\/wp-json\/wp\/v2\/users\/1"}],"replies":[{"embeddable":true,"href":"http:\/\/www.aite-extremadura.org\/blog\/wp-json\/wp\/v2\/comments?post=170"}],"version-history":[{"count":1,"href":"http:\/\/www.aite-extremadura.org\/blog\/wp-json\/wp\/v2\/posts\/170\/revisions"}],"predecessor-version":[{"id":561,"href":"http:\/\/www.aite-extremadura.org\/blog\/wp-json\/wp\/v2\/posts\/170\/revisions\/561"}],"wp:attachment":[{"href":"http:\/\/www.aite-extremadura.org\/blog\/wp-json\/wp\/v2\/media?parent=170"}],"wp:term":[{"taxonomy":"category","embeddable":true,"href":"http:\/\/www.aite-extremadura.org\/blog\/wp-json\/wp\/v2\/categories?post=170"},{"taxonomy":"post_tag","embeddable":true,"href":"http:\/\/www.aite-extremadura.org\/blog\/wp-json\/wp\/v2\/tags?post=170"}],"curies":[{"name":"wp","href":"https:\/\/api.w.org\/{rel}","templated":true}]}}