{"id":169,"date":"2010-05-26T11:48:00","date_gmt":"2010-05-26T11:48:00","guid":{"rendered":"http:\/\/www.aite-extremadura.org\/blog\/?p=169"},"modified":"2018-05-09T23:39:14","modified_gmt":"2018-05-09T22:39:14","slug":"orejas-de-mariposa","status":"publish","type":"post","link":"http:\/\/www.aite-extremadura.org\/blog\/orejas-de-mariposa\/","title":{"rendered":"Orejas de mariposa"},"content":{"rendered":"<p><a href=\"http:\/\/www.aite-extremadura.org\/blog\/wp-content\/uploads\/2010\/05\/9788496388727.jpg\"><img decoding=\"async\" style=\"float:right; margin:0 0 10px 10px;cursor:pointer; cursor:hand;width: 189px; height: 200px;\" src=\"http:\/\/www.aite-extremadura.org\/blog\/wp-content\/uploads\/2010\/05\/9788496388727.jpg\" border=\"0\" alt=\"\"id=\"BLOGGER_PHOTO_ID_5475545295792387698\" \/><\/a><br \/>Ayer descubrimos este cuento que puede ayudar a los m\u00e1s peque\u00f1os a favorecer su autoestima, a aceptarse como cada uno es. Lo recomendamos desde aqu\u00ed. <\/p>\n<p>\u00ab-Mam\u00e1, \u00bft\u00fa crees que soy una orejotas?<br \/>-No, hija. Tienes orejas de mariposa.<br \/>-Pero, \u00bfc\u00f3mo s\u00f3n las orejas de mariposa?.<br \/>-Pues son orejas que revolotean sobre la cabeza y pintan de colores las cosas feas\u00bb.<\/p>\n<p>Os dejamos la <a href=\"http:\/\/www.libroseducativos.com\/libro\/Orejas-de-mariposa\/isbn\/978-84-96388-72-7\">referencia<\/a> por si os interesa.<\/p>\n","protected":false},"excerpt":{"rendered":"<p>Ayer descubrimos este cuento que puede ayudar a los m\u00e1s peque\u00f1os a favorecer su autoestima, a aceptarse como cada uno es. Lo recomendamos desde aqu\u00ed. \u00ab-Mam\u00e1, \u00bft\u00fa crees que soy una orejotas?-No, hija. Tienes orejas de mariposa.-Pero, \u00bfc\u00f3mo s\u00f3n las orejas de mariposa?.-Pues son orejas que revolotean sobre la cabeza y pintan de colores las [&hellip;]<\/p>\n","protected":false},"author":1,"featured_media":348,"comment_status":"closed","ping_status":"open","sticky":false,"template":"","format":"standard","meta":{"_monsterinsights_skip_tracking":false,"_monsterinsights_sitenote_active":false,"_monsterinsights_sitenote_note":"","_monsterinsights_sitenote_category":0,"footnotes":""},"categories":[2],"tags":[],"class_list":["post-169","post","type-post","status-publish","format-standard","has-post-thumbnail","hentry","category-libros"],"_links":{"self":[{"href":"http:\/\/www.aite-extremadura.org\/blog\/wp-json\/wp\/v2\/posts\/169","targetHints":{"allow":["GET"]}}],"collection":[{"href":"http:\/\/www.aite-extremadura.org\/blog\/wp-json\/wp\/v2\/posts"}],"about":[{"href":"http:\/\/www.aite-extremadura.org\/blog\/wp-json\/wp\/v2\/types\/post"}],"author":[{"embeddable":true,"href":"http:\/\/www.aite-extremadura.org\/blog\/wp-json\/wp\/v2\/users\/1"}],"replies":[{"embeddable":true,"href":"http:\/\/www.aite-extremadura.org\/blog\/wp-json\/wp\/v2\/comments?post=169"}],"version-history":[{"count":1,"href":"http:\/\/www.aite-extremadura.org\/blog\/wp-json\/wp\/v2\/posts\/169\/revisions"}],"predecessor-version":[{"id":560,"href":"http:\/\/www.aite-extremadura.org\/blog\/wp-json\/wp\/v2\/posts\/169\/revisions\/560"}],"wp:featuredmedia":[{"embeddable":true,"href":"http:\/\/www.aite-extremadura.org\/blog\/wp-json\/wp\/v2\/media\/348"}],"wp:attachment":[{"href":"http:\/\/www.aite-extremadura.org\/blog\/wp-json\/wp\/v2\/media?parent=169"}],"wp:term":[{"taxonomy":"category","embeddable":true,"href":"http:\/\/www.aite-extremadura.org\/blog\/wp-json\/wp\/v2\/categories?post=169"},{"taxonomy":"post_tag","embeddable":true,"href":"http:\/\/www.aite-extremadura.org\/blog\/wp-json\/wp\/v2\/tags?post=169"}],"curies":[{"name":"wp","href":"https:\/\/api.w.org\/{rel}","templated":true}]}}