{"id":168,"date":"2010-05-27T09:40:00","date_gmt":"2010-05-27T09:40:00","guid":{"rendered":"http:\/\/www.aite-extremadura.org\/blog\/?p=168"},"modified":"2018-05-09T23:39:14","modified_gmt":"2018-05-09T22:39:14","slug":"libro-fisioterapia-en-pediatria","status":"publish","type":"post","link":"http:\/\/www.aite-extremadura.org\/blog\/libro-fisioterapia-en-pediatria\/","title":{"rendered":"Libro Fisioterapia en pediatr\u00eda"},"content":{"rendered":"<p><a href=\"http:\/\/www.aite-extremadura.org\/blog\/wp-content\/uploads\/2010\/05\/9788448604677.jpg\"><img decoding=\"async\" style=\"float:left; margin:0 10px 10px 0;cursor:pointer; cursor:hand;width: 140px; height: 193px;\" src=\"http:\/\/www.aite-extremadura.org\/blog\/wp-content\/uploads\/2010\/05\/9788448604677.jpg\" border=\"0\" alt=\"\"id=\"BLOGGER_PHOTO_ID_5475883574390322690\" \/><\/a><br \/>Hemos a\u00f1adido a nuestra lista de libros recomendados el libro de Fisioterapia en pediatr\u00eda. <br \/>En \u00e9l, tras la valoraci\u00f3n general del desarrollo del lactante y del ni\u00f1o con problemas neuromotores, as\u00ed como de la marcha normal y patol\u00f3gica, se revisa la actitud fisioterap\u00e9utica ante procesos tales como la par\u00e1lisis cerebral, artrogriposis, espina b\u00edfida, enfermedades neuromusculares, traumatismos craneoencef\u00e1licos, tort\u00edcolis cong\u00e9nito, lesi\u00f3n del plexo braquial y artritis idiop\u00e1tica juvenil. El \u00faltimo cap\u00edtulo se dedica al apasionante tema de la terapia acu\u00e1tica para ni\u00f1os con discapacidad motriz. <br \/>Os dejamos la referencia tambi\u00e9n <a href=\"http:\/\/www.sefip.org\/index.php\/sefip\/libro-de-fisioterapia-en-pediatria\">aqu\u00ed<\/a>.<\/p>\n","protected":false},"excerpt":{"rendered":"<p>Hemos a\u00f1adido a nuestra lista de libros recomendados el libro de Fisioterapia en pediatr\u00eda. En \u00e9l, tras la valoraci\u00f3n general del desarrollo del lactante y del ni\u00f1o con problemas neuromotores, as\u00ed como de la marcha normal y patol\u00f3gica, se revisa la actitud fisioterap\u00e9utica ante procesos tales como la par\u00e1lisis cerebral, artrogriposis, espina b\u00edfida, enfermedades neuromusculares, [&hellip;]<\/p>\n","protected":false},"author":1,"featured_media":347,"comment_status":"closed","ping_status":"open","sticky":false,"template":"","format":"standard","meta":{"_monsterinsights_skip_tracking":false,"_monsterinsights_sitenote_active":false,"_monsterinsights_sitenote_note":"","_monsterinsights_sitenote_category":0,"footnotes":""},"categories":[1],"tags":[],"class_list":["post-168","post","type-post","status-publish","format-standard","has-post-thumbnail","hentry","category-sin-categoria"],"_links":{"self":[{"href":"http:\/\/www.aite-extremadura.org\/blog\/wp-json\/wp\/v2\/posts\/168","targetHints":{"allow":["GET"]}}],"collection":[{"href":"http:\/\/www.aite-extremadura.org\/blog\/wp-json\/wp\/v2\/posts"}],"about":[{"href":"http:\/\/www.aite-extremadura.org\/blog\/wp-json\/wp\/v2\/types\/post"}],"author":[{"embeddable":true,"href":"http:\/\/www.aite-extremadura.org\/blog\/wp-json\/wp\/v2\/users\/1"}],"replies":[{"embeddable":true,"href":"http:\/\/www.aite-extremadura.org\/blog\/wp-json\/wp\/v2\/comments?post=168"}],"version-history":[{"count":1,"href":"http:\/\/www.aite-extremadura.org\/blog\/wp-json\/wp\/v2\/posts\/168\/revisions"}],"predecessor-version":[{"id":559,"href":"http:\/\/www.aite-extremadura.org\/blog\/wp-json\/wp\/v2\/posts\/168\/revisions\/559"}],"wp:featuredmedia":[{"embeddable":true,"href":"http:\/\/www.aite-extremadura.org\/blog\/wp-json\/wp\/v2\/media\/347"}],"wp:attachment":[{"href":"http:\/\/www.aite-extremadura.org\/blog\/wp-json\/wp\/v2\/media?parent=168"}],"wp:term":[{"taxonomy":"category","embeddable":true,"href":"http:\/\/www.aite-extremadura.org\/blog\/wp-json\/wp\/v2\/categories?post=168"},{"taxonomy":"post_tag","embeddable":true,"href":"http:\/\/www.aite-extremadura.org\/blog\/wp-json\/wp\/v2\/tags?post=168"}],"curies":[{"name":"wp","href":"https:\/\/api.w.org\/{rel}","templated":true}]}}