{"id":166,"date":"2010-05-30T12:05:00","date_gmt":"2010-05-30T12:05:00","guid":{"rendered":"http:\/\/www.aite-extremadura.org\/blog\/?p=166"},"modified":"2018-05-09T23:39:14","modified_gmt":"2018-05-09T22:39:14","slug":"iv-jornadas-extremenas-de-enfermedades-raras","status":"publish","type":"post","link":"http:\/\/www.aite-extremadura.org\/blog\/iv-jornadas-extremenas-de-enfermedades-raras\/","title":{"rendered":"IV Jornadas Extreme\u00f1as de Enfermedades Raras"},"content":{"rendered":"<p><a href=\"http:\/\/www.aite-extremadura.org\/blog\/wp-content\/uploads\/2010\/05\/Cartel_IV_Jornadas_pek.jpg\"><img decoding=\"async\" style=\"float:left; margin:0 10px 10px 0;cursor:pointer; cursor:hand;width: 146px; height: 200px;\" src=\"http:\/\/www.aite-extremadura.org\/blog\/wp-content\/uploads\/2010\/05\/Cartel_IV_Jornadas_pek-219x300.jpg\" border=\"0\" alt=\"\"id=\"BLOGGER_PHOTO_ID_5477038739462171682\" \/><\/a><br \/>El pr\u00f3ximo d\u00eda 5 de Junio se celebrar\u00e1n en Plasencia las IV Jornadas Extreme\u00f1as de Enfermedades Raras, organizadas por FEDER. Como otros a\u00f1os, son totalmente gratuitas. Os dejamos el enlace a la p\u00e1gina de la<a href=\"http:\/\/www.xfragil-extremadura.es\/\"> Asociaci\u00f3n de S\u00edndrome X Fr\u00e1gil de Extremadura<\/a> donde os pod\u00e9is descargar el d\u00edptico. Las plazas van por orden de inscripci\u00f3n, as\u00ed que tendr\u00e9is que inscribiros cuanto antes si os interesa. Agradecemos a ASFEX que nos haya enviado la informaci\u00f3n.<\/p>\n","protected":false},"excerpt":{"rendered":"<p>El pr\u00f3ximo d\u00eda 5 de Junio se celebrar\u00e1n en Plasencia las IV Jornadas Extreme\u00f1as de Enfermedades Raras, organizadas por FEDER. Como otros a\u00f1os, son totalmente gratuitas. Os dejamos el enlace a la p\u00e1gina de la Asociaci\u00f3n de S\u00edndrome X Fr\u00e1gil de Extremadura donde os pod\u00e9is descargar el d\u00edptico. Las plazas van por orden de inscripci\u00f3n, [&hellip;]<\/p>\n","protected":false},"author":1,"featured_media":346,"comment_status":"closed","ping_status":"open","sticky":false,"template":"","format":"standard","meta":{"_monsterinsights_skip_tracking":false,"_monsterinsights_sitenote_active":false,"_monsterinsights_sitenote_note":"","_monsterinsights_sitenote_category":0,"footnotes":""},"categories":[6],"tags":[],"class_list":["post-166","post","type-post","status-publish","format-standard","has-post-thumbnail","hentry","category-jornadas"],"_links":{"self":[{"href":"http:\/\/www.aite-extremadura.org\/blog\/wp-json\/wp\/v2\/posts\/166","targetHints":{"allow":["GET"]}}],"collection":[{"href":"http:\/\/www.aite-extremadura.org\/blog\/wp-json\/wp\/v2\/posts"}],"about":[{"href":"http:\/\/www.aite-extremadura.org\/blog\/wp-json\/wp\/v2\/types\/post"}],"author":[{"embeddable":true,"href":"http:\/\/www.aite-extremadura.org\/blog\/wp-json\/wp\/v2\/users\/1"}],"replies":[{"embeddable":true,"href":"http:\/\/www.aite-extremadura.org\/blog\/wp-json\/wp\/v2\/comments?post=166"}],"version-history":[{"count":1,"href":"http:\/\/www.aite-extremadura.org\/blog\/wp-json\/wp\/v2\/posts\/166\/revisions"}],"predecessor-version":[{"id":558,"href":"http:\/\/www.aite-extremadura.org\/blog\/wp-json\/wp\/v2\/posts\/166\/revisions\/558"}],"wp:featuredmedia":[{"embeddable":true,"href":"http:\/\/www.aite-extremadura.org\/blog\/wp-json\/wp\/v2\/media\/346"}],"wp:attachment":[{"href":"http:\/\/www.aite-extremadura.org\/blog\/wp-json\/wp\/v2\/media?parent=166"}],"wp:term":[{"taxonomy":"category","embeddable":true,"href":"http:\/\/www.aite-extremadura.org\/blog\/wp-json\/wp\/v2\/categories?post=166"},{"taxonomy":"post_tag","embeddable":true,"href":"http:\/\/www.aite-extremadura.org\/blog\/wp-json\/wp\/v2\/tags?post=166"}],"curies":[{"name":"wp","href":"https:\/\/api.w.org\/{rel}","templated":true}]}}