{"id":164,"date":"2010-06-02T06:46:00","date_gmt":"2010-06-02T06:46:00","guid":{"rendered":"http:\/\/www.aite-extremadura.org\/blog\/?p=164"},"modified":"2018-05-09T23:39:14","modified_gmt":"2018-05-09T22:39:14","slug":"guia-de-atencion-temprana-el-nino-y-la-nina-de-0-a-3-anos","status":"publish","type":"post","link":"http:\/\/www.aite-extremadura.org\/blog\/guia-de-atencion-temprana-el-nino-y-la-nina-de-0-a-3-anos\/","title":{"rendered":"Gu\u00eda de Atenci\u00f3n Temprana. El ni\u00f1o y la \u00f1i\u00f1a de 0 a 3 a\u00f1os"},"content":{"rendered":"<p>Los Equipos de Orientaci\u00f3n Educativa de La Rioja han publicado esta gu\u00eda de Atenci\u00f3n Temprana de 0 a 3 a\u00f1os muy \u00fatil para familias y educadores. Est\u00e1 colgada en su <a href=\"http:\/\/www.equiposorientacionlarioja.org\/PUBLICACIONES.htm\">p\u00e1gina web<\/a>, pero os la dejamos aqu\u00ed para que la pod\u00e1is descargar m\u00e1s f\u00e1cilmente. Siempre agradecemos estas aportaciones que enriquecen el trabajo de todos.<br \/><a title=\"View Guia de Atencion Temprana.El ni\u00f1o y la ni\u00f1a de 0 a 3 a\u00f1os on Scribd\" href=\"http:\/\/www.scribd.com\/doc\/32359246\/Guia-de-Atencion-Temprana-El-nino-y-la-nina-de-0-a-3-anos\" style=\"margin: 12px auto 6px auto; font-family: Helvetica,Arial,Sans-serif; font-style: normal; font-variant: normal; font-weight: normal; font-size: 14px; line-height: normal; font-size-adjust: none; font-stretch: normal; -x-system-font: none; display: block; text-decoration: underline;\">Guia de Atencion Temprana.El ni\u00f1o y la ni\u00f1a de 0 a 3 a\u00f1os<\/a> <object name=\"doc_577205523674098\" height=\"600\" width=\"100%\" type=\"application\/x-shockwave-flash\" data=\"http:\/\/d1.scribdassets.com\/ScribdViewer.swf\" style=\"outline:none;\"><param name=\"movie\" value=\"http:\/\/d1.scribdassets.com\/ScribdViewer.swf\"><param name=\"wmode\" value=\"opaque\"><param name=\"bgcolor\" value=\"#ffffff\"><param name=\"allowFullScreen\" value=\"true\"><param name=\"allowScriptAccess\" value=\"always\"><param name=\"FlashVars\" value=\"document_id=32359246&#038;access_key=key-1gnt88oxq332eki10dhu&#038;page=1&#038;viewMode=list\"><embed name=\"doc_577205523674098\" src=\"http:\/\/d1.scribdassets.com\/ScribdViewer.swf?document_id=32359246&#038;access_key=key-1gnt88oxq332eki10dhu&#038;page=1&#038;viewMode=list\" type=\"application\/x-shockwave-flash\" allowscriptaccess=\"always\" allowfullscreen=\"true\" height=\"600\" width=\"100%\" wmode=\"opaque\" bgcolor=\"#ffffff\"><\/embed><\/object><\/p>\n","protected":false},"excerpt":{"rendered":"<p>Los Equipos de Orientaci\u00f3n Educativa de La Rioja han publicado esta gu\u00eda de Atenci\u00f3n Temprana de 0 a 3 a\u00f1os muy \u00fatil para familias y educadores. Est\u00e1 colgada en su p\u00e1gina web, pero os la dejamos aqu\u00ed para que la pod\u00e1is descargar m\u00e1s f\u00e1cilmente. Siempre agradecemos estas aportaciones que enriquecen el trabajo de todos.Guia de [&hellip;]<\/p>\n","protected":false},"author":1,"featured_media":0,"comment_status":"closed","ping_status":"open","sticky":false,"template":"","format":"standard","meta":{"_monsterinsights_skip_tracking":false,"_monsterinsights_sitenote_active":false,"_monsterinsights_sitenote_note":"","_monsterinsights_sitenote_category":0,"footnotes":""},"categories":[1],"tags":[],"class_list":["post-164","post","type-post","status-publish","format-standard","hentry","category-sin-categoria"],"_links":{"self":[{"href":"http:\/\/www.aite-extremadura.org\/blog\/wp-json\/wp\/v2\/posts\/164","targetHints":{"allow":["GET"]}}],"collection":[{"href":"http:\/\/www.aite-extremadura.org\/blog\/wp-json\/wp\/v2\/posts"}],"about":[{"href":"http:\/\/www.aite-extremadura.org\/blog\/wp-json\/wp\/v2\/types\/post"}],"author":[{"embeddable":true,"href":"http:\/\/www.aite-extremadura.org\/blog\/wp-json\/wp\/v2\/users\/1"}],"replies":[{"embeddable":true,"href":"http:\/\/www.aite-extremadura.org\/blog\/wp-json\/wp\/v2\/comments?post=164"}],"version-history":[{"count":1,"href":"http:\/\/www.aite-extremadura.org\/blog\/wp-json\/wp\/v2\/posts\/164\/revisions"}],"predecessor-version":[{"id":556,"href":"http:\/\/www.aite-extremadura.org\/blog\/wp-json\/wp\/v2\/posts\/164\/revisions\/556"}],"wp:attachment":[{"href":"http:\/\/www.aite-extremadura.org\/blog\/wp-json\/wp\/v2\/media?parent=164"}],"wp:term":[{"taxonomy":"category","embeddable":true,"href":"http:\/\/www.aite-extremadura.org\/blog\/wp-json\/wp\/v2\/categories?post=164"},{"taxonomy":"post_tag","embeddable":true,"href":"http:\/\/www.aite-extremadura.org\/blog\/wp-json\/wp\/v2\/tags?post=164"}],"curies":[{"name":"wp","href":"https:\/\/api.w.org\/{rel}","templated":true}]}}