{"id":16,"date":"2012-03-23T10:28:00","date_gmt":"2012-03-23T10:28:00","guid":{"rendered":"http:\/\/www.aite-extremadura.org\/blog\/?p=16"},"modified":"2018-05-09T23:39:08","modified_gmt":"2018-05-09T22:39:08","slug":"buenas-noticias","status":"publish","type":"post","link":"http:\/\/www.aite-extremadura.org\/blog\/buenas-noticias\/","title":{"rendered":"Buenas noticias"},"content":{"rendered":"<p><span style=\"color: #333333;\"><span style=\"font-family: inherit; font-size: 14px; line-height: 20px;\">El parlamento de Extremadura instar\u00e1 a la Consejer\u00eda de Salud y Pol\u00edtica social a dise\u00f1ar un plan integral para el diagn\u00f3stico y tratamiento del Trastorno Espec\u00edfico del Lenguaje (TEL), a propuesta de la agrupaci\u00f3n de diputados IU-V-SIEX.<\/span><\/span><br \/><span style=\"color: #333333;\"><span style=\"font-family: inherit; font-size: 14px; line-height: 20px;\"><br \/><\/span><\/span><br \/><span style=\"color: #333333;\"><span style=\"font-family: inherit; font-size: 14px; line-height: 20px;\">Ten\u00e9is el enlace a las noticias:&nbsp;<\/span><\/span><br \/><span style=\"color: #333333;\"><span style=\"font-family: inherit; font-size: 14px; line-height: 20px;\"><br \/><\/span><\/span><br \/><a href=\"http:\/\/digitalextremadura.com\/not\/20269\/el_parlamento_pedira_a_la_consejeria_de_salud_la_elaboracion_de_un_plan_integral_para_el_trastorno_especifico_del_lenguaje_\/\">http:\/\/digitalextremadura.com\/not\/20269\/el_parlamento_pedira_a_la_consejeria_de_salud_la_elaboracion_de_un_plan_integral_para_el_trastorno_especifico_del_lenguaje_\/<\/a>&nbsp;<span style=\"color: #333333;\"><span style=\"font-size: 14px; line-height: 20px;\"><br \/><\/span><\/span><\/p>\n<p><a href=\"http:\/\/www.radiointerior.es\/index.php?op=noticia&amp;id=23939\">http:\/\/www.radiointerior.es\/index.php?op=noticia&amp;id=23939<\/a><\/p>\n<p>Enhorabuena.<br \/><span style=\"color: #333333; font-family: Arial, Tahoma, Helvetica, FreeSans, sans-serif;\"><span style=\"font-size: 14px; line-height: 20px;\"><br \/><\/span><\/span><br \/><span style=\"color: #333333; font-family: Arial, Tahoma, Helvetica, FreeSans, sans-serif;\"><span style=\"font-size: 14px; line-height: 20px;\"><br \/><\/span><\/span><\/p>\n","protected":false},"excerpt":{"rendered":"<p>El parlamento de Extremadura instar\u00e1 a la Consejer\u00eda de Salud y Pol\u00edtica social a dise\u00f1ar un plan integral para el diagn\u00f3stico y tratamiento del Trastorno Espec\u00edfico del Lenguaje (TEL), a propuesta de la agrupaci\u00f3n de diputados IU-V-SIEX.Ten\u00e9is el enlace a las noticias:&nbsp;http:\/\/digitalextremadura.com\/not\/20269\/el_parlamento_pedira_a_la_consejeria_de_salud_la_elaboracion_de_un_plan_integral_para_el_trastorno_especifico_del_lenguaje_\/&nbsp; http:\/\/www.radiointerior.es\/index.php?op=noticia&amp;id=23939 Enhorabuena.<\/p>\n","protected":false},"author":1,"featured_media":0,"comment_status":"closed","ping_status":"open","sticky":false,"template":"","format":"standard","meta":{"_monsterinsights_skip_tracking":false,"_monsterinsights_sitenote_active":false,"_monsterinsights_sitenote_note":"","_monsterinsights_sitenote_category":0,"footnotes":""},"categories":[7],"tags":[],"class_list":["post-16","post","type-post","status-publish","format-standard","hentry","category-noticias"],"_links":{"self":[{"href":"http:\/\/www.aite-extremadura.org\/blog\/wp-json\/wp\/v2\/posts\/16","targetHints":{"allow":["GET"]}}],"collection":[{"href":"http:\/\/www.aite-extremadura.org\/blog\/wp-json\/wp\/v2\/posts"}],"about":[{"href":"http:\/\/www.aite-extremadura.org\/blog\/wp-json\/wp\/v2\/types\/post"}],"author":[{"embeddable":true,"href":"http:\/\/www.aite-extremadura.org\/blog\/wp-json\/wp\/v2\/users\/1"}],"replies":[{"embeddable":true,"href":"http:\/\/www.aite-extremadura.org\/blog\/wp-json\/wp\/v2\/comments?post=16"}],"version-history":[{"count":1,"href":"http:\/\/www.aite-extremadura.org\/blog\/wp-json\/wp\/v2\/posts\/16\/revisions"}],"predecessor-version":[{"id":421,"href":"http:\/\/www.aite-extremadura.org\/blog\/wp-json\/wp\/v2\/posts\/16\/revisions\/421"}],"wp:attachment":[{"href":"http:\/\/www.aite-extremadura.org\/blog\/wp-json\/wp\/v2\/media?parent=16"}],"wp:term":[{"taxonomy":"category","embeddable":true,"href":"http:\/\/www.aite-extremadura.org\/blog\/wp-json\/wp\/v2\/categories?post=16"},{"taxonomy":"post_tag","embeddable":true,"href":"http:\/\/www.aite-extremadura.org\/blog\/wp-json\/wp\/v2\/tags?post=16"}],"curies":[{"name":"wp","href":"https:\/\/api.w.org\/{rel}","templated":true}]}}