{"id":156,"date":"2010-06-15T15:01:00","date_gmt":"2010-06-15T15:01:00","guid":{"rendered":"http:\/\/www.aite-extremadura.org\/blog\/?p=156"},"modified":"2018-05-09T23:39:14","modified_gmt":"2018-05-09T22:39:14","slug":"cuentos-para-sonar-un-mundo-mejor","status":"publish","type":"post","link":"http:\/\/www.aite-extremadura.org\/blog\/cuentos-para-sonar-un-mundo-mejor\/","title":{"rendered":"Cuentos para so\u00f1ar un mundo mejor"},"content":{"rendered":"<p>Cuentos para so\u00f1ar un mundo mejor son una serie de unidades did\u00e1cticas dedicadas a trabajar el concepto de diferencia desde un punto de vista positivo, haciendo especial hincapi\u00e9 en las cuestiones de g\u00e9nero y discapacidad. Este material est\u00e1 desarrollado por la Fundaci\u00f3n FASAD (Asturias) y agradecemos a Carmen que nos haya hecho la propuesta de colgarlo en nuestro blog. Esperamos que os guste.<br \/><a title=\"View Cuentos_para_so\u00f1ar_un_mundo_mejor on Scribd\" href=\"http:\/\/www.scribd.com\/doc\/33072546\/Cuentos-para-sonar-un-mundo-mejor\" style=\"margin: 12px auto 6px auto; font-family: Helvetica,Arial,Sans-serif; font-style: normal; font-variant: normal; font-weight: normal; font-size: 14px; line-height: normal; font-size-adjust: none; font-stretch: normal; -x-system-font: none; display: block; text-decoration: underline;\">Cuentos_para_so\u00f1ar_un_mundo_mejor<\/a> <object name=\"doc_321303078018891\" height=\"600\" width=\"100%\" type=\"application\/x-shockwave-flash\" data=\"http:\/\/d1.scribdassets.com\/ScribdViewer.swf\" style=\"outline:none;\"><param name=\"movie\" value=\"http:\/\/d1.scribdassets.com\/ScribdViewer.swf\"><param name=\"wmode\" value=\"opaque\"><param name=\"bgcolor\" value=\"#ffffff\"><param name=\"allowFullScreen\" value=\"true\"><param name=\"allowScriptAccess\" value=\"always\"><param name=\"FlashVars\" value=\"document_id=33072546&#038;access_key=key-15qtj7s1o36eycdak47g&#038;page=1&#038;viewMode=list\"><embed name=\"doc_321303078018891\" src=\"http:\/\/d1.scribdassets.com\/ScribdViewer.swf?document_id=33072546&#038;access_key=key-15qtj7s1o36eycdak47g&#038;page=1&#038;viewMode=list\" type=\"application\/x-shockwave-flash\" allowscriptaccess=\"always\" allowfullscreen=\"true\" height=\"600\" width=\"100%\" wmode=\"opaque\" bgcolor=\"#ffffff\"><\/embed><\/object><\/p>\n","protected":false},"excerpt":{"rendered":"<p>Cuentos para so\u00f1ar un mundo mejor son una serie de unidades did\u00e1cticas dedicadas a trabajar el concepto de diferencia desde un punto de vista positivo, haciendo especial hincapi\u00e9 en las cuestiones de g\u00e9nero y discapacidad. Este material est\u00e1 desarrollado por la Fundaci\u00f3n FASAD (Asturias) y agradecemos a Carmen que nos haya hecho la propuesta de [&hellip;]<\/p>\n","protected":false},"author":1,"featured_media":0,"comment_status":"closed","ping_status":"open","sticky":false,"template":"","format":"standard","meta":{"_monsterinsights_skip_tracking":false,"_monsterinsights_sitenote_active":false,"_monsterinsights_sitenote_note":"","_monsterinsights_sitenote_category":0,"footnotes":""},"categories":[12],"tags":[],"class_list":["post-156","post","type-post","status-publish","format-standard","hentry","category-material"],"_links":{"self":[{"href":"http:\/\/www.aite-extremadura.org\/blog\/wp-json\/wp\/v2\/posts\/156","targetHints":{"allow":["GET"]}}],"collection":[{"href":"http:\/\/www.aite-extremadura.org\/blog\/wp-json\/wp\/v2\/posts"}],"about":[{"href":"http:\/\/www.aite-extremadura.org\/blog\/wp-json\/wp\/v2\/types\/post"}],"author":[{"embeddable":true,"href":"http:\/\/www.aite-extremadura.org\/blog\/wp-json\/wp\/v2\/users\/1"}],"replies":[{"embeddable":true,"href":"http:\/\/www.aite-extremadura.org\/blog\/wp-json\/wp\/v2\/comments?post=156"}],"version-history":[{"count":1,"href":"http:\/\/www.aite-extremadura.org\/blog\/wp-json\/wp\/v2\/posts\/156\/revisions"}],"predecessor-version":[{"id":548,"href":"http:\/\/www.aite-extremadura.org\/blog\/wp-json\/wp\/v2\/posts\/156\/revisions\/548"}],"wp:attachment":[{"href":"http:\/\/www.aite-extremadura.org\/blog\/wp-json\/wp\/v2\/media?parent=156"}],"wp:term":[{"taxonomy":"category","embeddable":true,"href":"http:\/\/www.aite-extremadura.org\/blog\/wp-json\/wp\/v2\/categories?post=156"},{"taxonomy":"post_tag","embeddable":true,"href":"http:\/\/www.aite-extremadura.org\/blog\/wp-json\/wp\/v2\/tags?post=156"}],"curies":[{"name":"wp","href":"https:\/\/api.w.org\/{rel}","templated":true}]}}