{"id":155,"date":"2010-06-18T10:41:00","date_gmt":"2010-06-18T10:41:00","guid":{"rendered":"http:\/\/www.aite-extremadura.org\/blog\/?p=155"},"modified":"2018-05-09T23:39:14","modified_gmt":"2018-05-09T22:39:14","slug":"programa-de-salud-infantil-y-del-adolescente","status":"publish","type":"post","link":"http:\/\/www.aite-extremadura.org\/blog\/programa-de-salud-infantil-y-del-adolescente\/","title":{"rendered":"Programa de salud infantil y del adolescente"},"content":{"rendered":"<p>Este es el programa de salud infantil y del adolescente que ha publicado la Consejer\u00eda de Sanidad de la Junta de Extremadura y contiene las actividades recomendadas en atenci\u00f3n primaria para la prevenci\u00f3n de la salud y la promoci\u00f3n de h\u00e1bitos saludables en la infancia y adolescencia. Y comprende las actividades preventivas, de consejo y educaci\u00f3n para la salud, cribado y detecci\u00f3n precoz de enfermedades, identificaci\u00f3n de grupos de riesgo y supervisi\u00f3n del crecimiento y desarrollo que se ofrecen a la poblaci\u00f3n general desde el nacimiento hasta los 14 a\u00f1os, a trav\u00e9s de la realizaci\u00f3n de controles peri\u00f3dicos de salud por tramos de edad. Esperamos que os sea de utilidad y agradecemos a Esther su aportaci\u00f3n. <br \/><a title=\"View Programa de Salud Infantil y Del Adolescente on Scribd\" href=\"http:\/\/www.scribd.com\/doc\/33218452\/Programa-de-Salud-Infantil-y-Del-Adolescente\" style=\"margin: 12px auto 6px auto; font-family: Helvetica,Arial,Sans-serif; font-style: normal; font-variant: normal; font-weight: normal; font-size: 14px; line-height: normal; font-size-adjust: none; font-stretch: normal; -x-system-font: none; display: block; text-decoration: underline;\">Programa de Salud Infantil y Del Adolescente<\/a> <object name=\"doc_351622781715724\" height=\"500\" width=\"100%\" type=\"application\/x-shockwave-flash\" data=\"http:\/\/d1.scribdassets.com\/ScribdViewer.swf\" style=\"outline:none;\" rel=\"media:document\" resource=\"http:\/\/d1.scribdassets.com\/ScribdViewer.swf?document_id=33218452&#038;access_key=key-1ito0hpoy9hfuknqwz96&#038;page=1&#038;viewMode=list\" xmlns:media=\"http:\/\/search.yahoo.com\/searchmonkey\/media\/\" xmlns:dc=\"http:\/\/purl.org\/dc\/terms\/\"><param name=\"movie\" value=\"http:\/\/d1.scribdassets.com\/ScribdViewer.swf\"><param name=\"wmode\" value=\"opaque\"><param name=\"bgcolor\" value=\"#ffffff\"><param name=\"allowFullScreen\" value=\"true\"><param name=\"allowScriptAccess\" value=\"always\"><param name=\"FlashVars\" value=\"document_id=33218452&#038;access_key=key-1ito0hpoy9hfuknqwz96&#038;page=1&#038;viewMode=list\"><embed name=\"doc_351622781715724\" src=\"http:\/\/d1.scribdassets.com\/ScribdViewer.swf?document_id=33218452&#038;access_key=key-1ito0hpoy9hfuknqwz96&#038;page=1&#038;viewMode=list\" type=\"application\/x-shockwave-flash\" allowscriptaccess=\"always\" allowfullscreen=\"true\" height=\"500\" width=\"100%\" wmode=\"opaque\" bgcolor=\"#ffffff\"><\/embed><\/object><\/p>\n","protected":false},"excerpt":{"rendered":"<p>Este es el programa de salud infantil y del adolescente que ha publicado la Consejer\u00eda de Sanidad de la Junta de Extremadura y contiene las actividades recomendadas en atenci\u00f3n primaria para la prevenci\u00f3n de la salud y la promoci\u00f3n de h\u00e1bitos saludables en la infancia y adolescencia. Y comprende las actividades preventivas, de consejo y [&hellip;]<\/p>\n","protected":false},"author":1,"featured_media":0,"comment_status":"closed","ping_status":"open","sticky":false,"template":"","format":"standard","meta":{"_monsterinsights_skip_tracking":false,"_monsterinsights_sitenote_active":false,"_monsterinsights_sitenote_note":"","_monsterinsights_sitenote_category":0,"footnotes":""},"categories":[2],"tags":[],"class_list":["post-155","post","type-post","status-publish","format-standard","hentry","category-libros"],"_links":{"self":[{"href":"http:\/\/www.aite-extremadura.org\/blog\/wp-json\/wp\/v2\/posts\/155","targetHints":{"allow":["GET"]}}],"collection":[{"href":"http:\/\/www.aite-extremadura.org\/blog\/wp-json\/wp\/v2\/posts"}],"about":[{"href":"http:\/\/www.aite-extremadura.org\/blog\/wp-json\/wp\/v2\/types\/post"}],"author":[{"embeddable":true,"href":"http:\/\/www.aite-extremadura.org\/blog\/wp-json\/wp\/v2\/users\/1"}],"replies":[{"embeddable":true,"href":"http:\/\/www.aite-extremadura.org\/blog\/wp-json\/wp\/v2\/comments?post=155"}],"version-history":[{"count":1,"href":"http:\/\/www.aite-extremadura.org\/blog\/wp-json\/wp\/v2\/posts\/155\/revisions"}],"predecessor-version":[{"id":547,"href":"http:\/\/www.aite-extremadura.org\/blog\/wp-json\/wp\/v2\/posts\/155\/revisions\/547"}],"wp:attachment":[{"href":"http:\/\/www.aite-extremadura.org\/blog\/wp-json\/wp\/v2\/media?parent=155"}],"wp:term":[{"taxonomy":"category","embeddable":true,"href":"http:\/\/www.aite-extremadura.org\/blog\/wp-json\/wp\/v2\/categories?post=155"},{"taxonomy":"post_tag","embeddable":true,"href":"http:\/\/www.aite-extremadura.org\/blog\/wp-json\/wp\/v2\/tags?post=155"}],"curies":[{"name":"wp","href":"https:\/\/api.w.org\/{rel}","templated":true}]}}