{"id":154,"date":"2010-06-21T07:04:00","date_gmt":"2010-06-21T07:04:00","guid":{"rendered":"http:\/\/www.aite-extremadura.org\/blog\/?p=154"},"modified":"2018-05-09T23:39:13","modified_gmt":"2018-05-09T22:39:13","slug":"jornada-de-servicios-de-calidad-en-tea","status":"publish","type":"post","link":"http:\/\/www.aite-extremadura.org\/blog\/jornada-de-servicios-de-calidad-en-tea\/","title":{"rendered":"Jornada de Servicios de Calidad en TEA"},"content":{"rendered":"<p><a href=\"http:\/\/www.aite-extremadura.org\/blog\/wp-content\/uploads\/2010\/06\/logoautismoespaa1.jpg\"><img decoding=\"async\" style=\"float:left; margin:0 10px 10px 0;cursor:pointer; cursor:hand;width: 200px; height: 66px;\" src=\"http:\/\/www.aite-extremadura.org\/blog\/wp-content\/uploads\/2010\/06\/logoautismoespaa1-300x98.jpg\" border=\"0\" alt=\"\"id=\"BLOGGER_PHOTO_ID_5485120366135310674\" \/><\/a><br \/>El viernes, 25 de junio, tendr\u00e1 lugar en Madrid (Sal\u00f3n de actos de Fundaci\u00f3n ONCE. C\/ Sebasti\u00e1n Herrera, 15) la jornada organizada por la Confederaci\u00f3n AUTISMO ESPA\u00d1A Promoviendo Servicios de Calidad para las personas con Trastorno del Espectro del Autismo en la que AUTISMO ESPA\u00d1A realizar\u00e1 la presentaci\u00f3n de sus dos \u00faltimas publicaciones. <\/p>\n<p>\u201cAutismo Calidad de Vida HOY\u201d, se presenta como el Cat\u00e1logo de Servicios de apoyo a personas con Trastorno del Espectro del Autismo y sus familias, de AUTISMO ESPA\u00d1A y la \u201cGu\u00eda para la transici\u00f3n de las entidades de la Confederaci\u00f3n AUTISMO ESPA\u00d1A al Sistema para la Autonom\u00eda y Atenci\u00f3n a la Dependencia\u00bb es un estudio que complementa el \u201cAn\u00e1lisis de los desarrollos normativos del Sistema para la Autonom\u00eda y Atenci\u00f3n a la Dependencia. Estudio comparativo auton\u00f3mico\u201d presentado por AUTISMO ESPA\u00d1A y el CERMI en 2009. <\/p>\n<p>El acceso a la jornada es libre y gratuito. Puedes encontrar m\u00e1s informaci\u00f3n as\u00ed como el Programa y el Formulario de Inscripci\u00f3n en el siguiente enlace:<\/p>\n<p> <a href=\"http:\/\/www.autismo.org.es\/AE\/autismo\/noticias\/jornada+autismo+espa%C3%B1a+.htm\">Autismo Espa\u00f1a<\/a><\/p>\n","protected":false},"excerpt":{"rendered":"<p>El viernes, 25 de junio, tendr\u00e1 lugar en Madrid (Sal\u00f3n de actos de Fundaci\u00f3n ONCE. C\/ Sebasti\u00e1n Herrera, 15) la jornada organizada por la Confederaci\u00f3n AUTISMO ESPA\u00d1A Promoviendo Servicios de Calidad para las personas con Trastorno del Espectro del Autismo en la que AUTISMO ESPA\u00d1A realizar\u00e1 la presentaci\u00f3n de sus dos \u00faltimas publicaciones. \u201cAutismo Calidad [&hellip;]<\/p>\n","protected":false},"author":1,"featured_media":341,"comment_status":"closed","ping_status":"open","sticky":false,"template":"","format":"standard","meta":{"_monsterinsights_skip_tracking":false,"_monsterinsights_sitenote_active":false,"_monsterinsights_sitenote_note":"","_monsterinsights_sitenote_category":0,"footnotes":""},"categories":[6],"tags":[],"class_list":["post-154","post","type-post","status-publish","format-standard","has-post-thumbnail","hentry","category-jornadas"],"_links":{"self":[{"href":"http:\/\/www.aite-extremadura.org\/blog\/wp-json\/wp\/v2\/posts\/154","targetHints":{"allow":["GET"]}}],"collection":[{"href":"http:\/\/www.aite-extremadura.org\/blog\/wp-json\/wp\/v2\/posts"}],"about":[{"href":"http:\/\/www.aite-extremadura.org\/blog\/wp-json\/wp\/v2\/types\/post"}],"author":[{"embeddable":true,"href":"http:\/\/www.aite-extremadura.org\/blog\/wp-json\/wp\/v2\/users\/1"}],"replies":[{"embeddable":true,"href":"http:\/\/www.aite-extremadura.org\/blog\/wp-json\/wp\/v2\/comments?post=154"}],"version-history":[{"count":1,"href":"http:\/\/www.aite-extremadura.org\/blog\/wp-json\/wp\/v2\/posts\/154\/revisions"}],"predecessor-version":[{"id":546,"href":"http:\/\/www.aite-extremadura.org\/blog\/wp-json\/wp\/v2\/posts\/154\/revisions\/546"}],"wp:featuredmedia":[{"embeddable":true,"href":"http:\/\/www.aite-extremadura.org\/blog\/wp-json\/wp\/v2\/media\/341"}],"wp:attachment":[{"href":"http:\/\/www.aite-extremadura.org\/blog\/wp-json\/wp\/v2\/media?parent=154"}],"wp:term":[{"taxonomy":"category","embeddable":true,"href":"http:\/\/www.aite-extremadura.org\/blog\/wp-json\/wp\/v2\/categories?post=154"},{"taxonomy":"post_tag","embeddable":true,"href":"http:\/\/www.aite-extremadura.org\/blog\/wp-json\/wp\/v2\/tags?post=154"}],"curies":[{"name":"wp","href":"https:\/\/api.w.org\/{rel}","templated":true}]}}