{"id":153,"date":"2010-06-27T17:47:00","date_gmt":"2010-06-27T17:47:00","guid":{"rendered":"http:\/\/www.aite-extremadura.org\/blog\/?p=153"},"modified":"2018-05-09T23:39:13","modified_gmt":"2018-05-09T22:39:13","slug":"buscadores-de-internet-para-ninos","status":"publish","type":"post","link":"http:\/\/www.aite-extremadura.org\/blog\/buscadores-de-internet-para-ninos\/","title":{"rendered":"Buscadores de internet para ni\u00f1os"},"content":{"rendered":"<p><a href=\"http:\/\/www.aite-extremadura.org\/blog\/wp-content\/uploads\/2010\/06\/tic_primaria1.jpg\"><img decoding=\"async\" style=\"float:left; margin:0 10px 10px 0;cursor:pointer; cursor:hand;width: 150px; height: 150px;\" src=\"http:\/\/www.aite-extremadura.org\/blog\/wp-content\/uploads\/2010\/06\/tic_primaria1.jpg\" border=\"0\" alt=\"\"id=\"BLOGGER_PHOTO_ID_5487512436198876690\" \/><\/a><br \/>En la p\u00e1gina Rinc\u00f3n Did\u00e1ctico de Atenci\u00f3n y Orientaci\u00f3n a la diversidad podemos encontrar esta entrada donde nos recomiendan un listado de buscadores digitales para ni\u00f1os. Os animamos a que les ech\u00e9is un vistazo en este <a href=\"http:\/\/rincones.educarex.es\/diversidad\/index.php?option=com_content&amp;task=view&amp;id=435&amp;Itemid=92\">enlace<\/a>.<\/p>\n","protected":false},"excerpt":{"rendered":"<p>En la p\u00e1gina Rinc\u00f3n Did\u00e1ctico de Atenci\u00f3n y Orientaci\u00f3n a la diversidad podemos encontrar esta entrada donde nos recomiendan un listado de buscadores digitales para ni\u00f1os. Os animamos a que les ech\u00e9is un vistazo en este enlace.<\/p>\n","protected":false},"author":1,"featured_media":340,"comment_status":"closed","ping_status":"open","sticky":false,"template":"","format":"standard","meta":{"_monsterinsights_skip_tracking":false,"_monsterinsights_sitenote_active":false,"_monsterinsights_sitenote_note":"","_monsterinsights_sitenote_category":0,"footnotes":""},"categories":[9],"tags":[],"class_list":["post-153","post","type-post","status-publish","format-standard","has-post-thumbnail","hentry","category-paginas-de-interes"],"_links":{"self":[{"href":"http:\/\/www.aite-extremadura.org\/blog\/wp-json\/wp\/v2\/posts\/153","targetHints":{"allow":["GET"]}}],"collection":[{"href":"http:\/\/www.aite-extremadura.org\/blog\/wp-json\/wp\/v2\/posts"}],"about":[{"href":"http:\/\/www.aite-extremadura.org\/blog\/wp-json\/wp\/v2\/types\/post"}],"author":[{"embeddable":true,"href":"http:\/\/www.aite-extremadura.org\/blog\/wp-json\/wp\/v2\/users\/1"}],"replies":[{"embeddable":true,"href":"http:\/\/www.aite-extremadura.org\/blog\/wp-json\/wp\/v2\/comments?post=153"}],"version-history":[{"count":1,"href":"http:\/\/www.aite-extremadura.org\/blog\/wp-json\/wp\/v2\/posts\/153\/revisions"}],"predecessor-version":[{"id":545,"href":"http:\/\/www.aite-extremadura.org\/blog\/wp-json\/wp\/v2\/posts\/153\/revisions\/545"}],"wp:featuredmedia":[{"embeddable":true,"href":"http:\/\/www.aite-extremadura.org\/blog\/wp-json\/wp\/v2\/media\/340"}],"wp:attachment":[{"href":"http:\/\/www.aite-extremadura.org\/blog\/wp-json\/wp\/v2\/media?parent=153"}],"wp:term":[{"taxonomy":"category","embeddable":true,"href":"http:\/\/www.aite-extremadura.org\/blog\/wp-json\/wp\/v2\/categories?post=153"},{"taxonomy":"post_tag","embeddable":true,"href":"http:\/\/www.aite-extremadura.org\/blog\/wp-json\/wp\/v2\/tags?post=153"}],"curies":[{"name":"wp","href":"https:\/\/api.w.org\/{rel}","templated":true}]}}