{"id":152,"date":"2010-06-30T06:58:00","date_gmt":"2010-06-30T06:58:00","guid":{"rendered":"http:\/\/www.aite-extremadura.org\/blog\/?p=152"},"modified":"2018-05-09T23:39:13","modified_gmt":"2018-05-09T22:39:13","slug":"contenidos-educativos-digitales","status":"publish","type":"post","link":"http:\/\/www.aite-extremadura.org\/blog\/contenidos-educativos-digitales\/","title":{"rendered":"Contenidos educativos digitales"},"content":{"rendered":"<p><a href=\"http:\/\/www.aite-extremadura.org\/blog\/wp-content\/uploads\/2010\/06\/0000011340m.jpg\"><img decoding=\"async\" style=\"display:block; margin:0px auto 10px; text-align:center;cursor:pointer; cursor:hand;width: 160px; height: 120px;\" src=\"http:\/\/www.aite-extremadura.org\/blog\/wp-content\/uploads\/2010\/06\/0000011340m.jpg\" border=\"0\" alt=\"\"id=\"BLOGGER_PHOTO_ID_5488458580208499826\" \/><\/a><br \/>Hoy descubrimos una p\u00e1gina nueva de contenidos educativos digitales para Educaci\u00f3n Especial en la p\u00e1gina de la Consejer\u00eda de Educaci\u00f3n de la Junta de Extremadura. Os dejamos el <a href=\"http:\/\/conteni2.educarex.es\/?e=3\">enlace<\/a> y os animamos a que la visit\u00e9is.<\/p>\n","protected":false},"excerpt":{"rendered":"<p>Hoy descubrimos una p\u00e1gina nueva de contenidos educativos digitales para Educaci\u00f3n Especial en la p\u00e1gina de la Consejer\u00eda de Educaci\u00f3n de la Junta de Extremadura. Os dejamos el enlace y os animamos a que la visit\u00e9is.<\/p>\n","protected":false},"author":1,"featured_media":339,"comment_status":"closed","ping_status":"open","sticky":false,"template":"","format":"standard","meta":{"_monsterinsights_skip_tracking":false,"_monsterinsights_sitenote_active":false,"_monsterinsights_sitenote_note":"","_monsterinsights_sitenote_category":0,"footnotes":""},"categories":[9],"tags":[],"class_list":["post-152","post","type-post","status-publish","format-standard","has-post-thumbnail","hentry","category-paginas-de-interes"],"_links":{"self":[{"href":"http:\/\/www.aite-extremadura.org\/blog\/wp-json\/wp\/v2\/posts\/152","targetHints":{"allow":["GET"]}}],"collection":[{"href":"http:\/\/www.aite-extremadura.org\/blog\/wp-json\/wp\/v2\/posts"}],"about":[{"href":"http:\/\/www.aite-extremadura.org\/blog\/wp-json\/wp\/v2\/types\/post"}],"author":[{"embeddable":true,"href":"http:\/\/www.aite-extremadura.org\/blog\/wp-json\/wp\/v2\/users\/1"}],"replies":[{"embeddable":true,"href":"http:\/\/www.aite-extremadura.org\/blog\/wp-json\/wp\/v2\/comments?post=152"}],"version-history":[{"count":1,"href":"http:\/\/www.aite-extremadura.org\/blog\/wp-json\/wp\/v2\/posts\/152\/revisions"}],"predecessor-version":[{"id":544,"href":"http:\/\/www.aite-extremadura.org\/blog\/wp-json\/wp\/v2\/posts\/152\/revisions\/544"}],"wp:featuredmedia":[{"embeddable":true,"href":"http:\/\/www.aite-extremadura.org\/blog\/wp-json\/wp\/v2\/media\/339"}],"wp:attachment":[{"href":"http:\/\/www.aite-extremadura.org\/blog\/wp-json\/wp\/v2\/media?parent=152"}],"wp:term":[{"taxonomy":"category","embeddable":true,"href":"http:\/\/www.aite-extremadura.org\/blog\/wp-json\/wp\/v2\/categories?post=152"},{"taxonomy":"post_tag","embeddable":true,"href":"http:\/\/www.aite-extremadura.org\/blog\/wp-json\/wp\/v2\/tags?post=152"}],"curies":[{"name":"wp","href":"https:\/\/api.w.org\/{rel}","templated":true}]}}