{"id":15,"date":"2012-03-24T15:30:00","date_gmt":"2012-03-24T15:30:00","guid":{"rendered":"http:\/\/www.aite-extremadura.org\/blog\/?p=15"},"modified":"2018-05-09T23:39:08","modified_gmt":"2018-05-09T22:39:08","slug":"jornadas-aite-2012-prematuridad-y-alto-riesgo-en-atencion-temprana","status":"publish","type":"post","link":"http:\/\/www.aite-extremadura.org\/blog\/jornadas-aite-2012-prematuridad-y-alto-riesgo-en-atencion-temprana\/","title":{"rendered":"Jornadas AITE 2012 \u00abPrematuridad y Alto Riesgo en Atenci\u00f3n Temprana\u00bb"},"content":{"rendered":"<div style=\"clear: both; text-align: left;\">El pr\u00f3ximo d\u00eda 21 de Abril se celebrar\u00e1n en el Centro de Profesores y Recurso de Badajoz (C.P.R.) las Jornadas anuales de AITE que este a\u00f1o llevan el t\u00edtulo de Prematuridad y Alto Riesgo en Atenci\u00f3n Temprana.&nbsp;<\/div>\n<div style=\"clear: both; text-align: left;\"><\/div>\n<div style=\"clear: both; text-align: left;\">En ella participar\u00e1 como ponente la Jefa del Servicio de Neonatolog\u00eda del Hospital 12 de Octubre de Madrid, Carmen Pall\u00e0s.<\/div>\n<div style=\"clear: both; text-align: left;\">Adem\u00e1s habr\u00e1 una mesa redonda sobre el tema de la&nbsp;importancia de la Atenci\u00f3n Temprana en ni\u00f1os prematuros y de alto riesgo.&nbsp;<\/div>\n<div style=\"clear: both; text-align: left;\">Por la tarde tendremos talleres simult\u00e1neos relacionados con el tema.<\/div>\n<div style=\"clear: both; text-align: left;\"><\/div>\n<div style=\"clear: both; text-align: left;\">Ten\u00e9is la informaci\u00f3n en este<a href=\"https:\/\/docs.google.com\/open?id=0BxHW8uvFjkXleG1BSzVDQVNTMWVxT1ZxNDJlR2FhZw\">&nbsp;ENLACE<\/a><\/div>\n<div style=\"clear: both; text-align: left;\"><\/div>\n<div style=\"clear: both; text-align: left;\">Para el env\u00edo de inscripciones y dudas; info@aite-extremadura.org &nbsp;&nbsp;<\/div>\n<div style=\"clear: both; text-align: left;\"><\/div>\n<div style=\"clear: both; text-align: left;\">Agradecemos la difusi\u00f3n de esta informaci\u00f3n.<\/div>\n<div style=\"clear: both; text-align: left;\"><\/div>\n<div style=\"clear: both; text-align: center;\"><a href=\"http:\/\/www.aite-extremadura.org\/blog\/wp-content\/uploads\/2012\/03\/prematuros.jpg\" style=\"margin-left: 1em; margin-right: 1em;\"><img loading=\"lazy\" decoding=\"async\" border=\"0\" height=\"320\" src=\"http:\/\/www.aite-extremadura.org\/blog\/wp-content\/uploads\/2012\/03\/prematuros-300x300.jpg\" width=\"320\" \/><\/a><\/div>\n<p><\/p>\n<div><\/div>\n","protected":false},"excerpt":{"rendered":"<p>El pr\u00f3ximo d\u00eda 21 de Abril se celebrar\u00e1n en el Centro de Profesores y Recurso de Badajoz (C.P.R.) las Jornadas anuales de AITE que este a\u00f1o llevan el t\u00edtulo de Prematuridad y Alto Riesgo en Atenci\u00f3n Temprana.&nbsp; En ella participar\u00e1 como ponente la Jefa del Servicio de Neonatolog\u00eda del Hospital 12 de Octubre de Madrid, [&hellip;]<\/p>\n","protected":false},"author":1,"featured_media":204,"comment_status":"closed","ping_status":"open","sticky":false,"template":"","format":"standard","meta":{"_monsterinsights_skip_tracking":false,"_monsterinsights_sitenote_active":false,"_monsterinsights_sitenote_note":"","_monsterinsights_sitenote_category":0,"footnotes":""},"categories":[6],"tags":[],"class_list":["post-15","post","type-post","status-publish","format-standard","has-post-thumbnail","hentry","category-jornadas"],"_links":{"self":[{"href":"http:\/\/www.aite-extremadura.org\/blog\/wp-json\/wp\/v2\/posts\/15","targetHints":{"allow":["GET"]}}],"collection":[{"href":"http:\/\/www.aite-extremadura.org\/blog\/wp-json\/wp\/v2\/posts"}],"about":[{"href":"http:\/\/www.aite-extremadura.org\/blog\/wp-json\/wp\/v2\/types\/post"}],"author":[{"embeddable":true,"href":"http:\/\/www.aite-extremadura.org\/blog\/wp-json\/wp\/v2\/users\/1"}],"replies":[{"embeddable":true,"href":"http:\/\/www.aite-extremadura.org\/blog\/wp-json\/wp\/v2\/comments?post=15"}],"version-history":[{"count":1,"href":"http:\/\/www.aite-extremadura.org\/blog\/wp-json\/wp\/v2\/posts\/15\/revisions"}],"predecessor-version":[{"id":420,"href":"http:\/\/www.aite-extremadura.org\/blog\/wp-json\/wp\/v2\/posts\/15\/revisions\/420"}],"wp:featuredmedia":[{"embeddable":true,"href":"http:\/\/www.aite-extremadura.org\/blog\/wp-json\/wp\/v2\/media\/204"}],"wp:attachment":[{"href":"http:\/\/www.aite-extremadura.org\/blog\/wp-json\/wp\/v2\/media?parent=15"}],"wp:term":[{"taxonomy":"category","embeddable":true,"href":"http:\/\/www.aite-extremadura.org\/blog\/wp-json\/wp\/v2\/categories?post=15"},{"taxonomy":"post_tag","embeddable":true,"href":"http:\/\/www.aite-extremadura.org\/blog\/wp-json\/wp\/v2\/tags?post=15"}],"curies":[{"name":"wp","href":"https:\/\/api.w.org\/{rel}","templated":true}]}}