{"id":149,"date":"2010-07-05T21:47:00","date_gmt":"2010-07-05T21:47:00","guid":{"rendered":"http:\/\/www.aite-extremadura.org\/blog\/?p=149"},"modified":"2018-05-09T23:39:13","modified_gmt":"2018-05-09T22:39:13","slug":"guia-del-desarrollo-infantil-desde-el-nacimiento-hasta-los-6-anos","status":"publish","type":"post","link":"http:\/\/www.aite-extremadura.org\/blog\/guia-del-desarrollo-infantil-desde-el-nacimiento-hasta-los-6-anos\/","title":{"rendered":"Gu\u00eda del Desarrollo Infantil desde el nacimiento hasta los 6 a\u00f1os"},"content":{"rendered":"<p>Nos alegra poderos presentar esta gu\u00eda que est\u00e1 editada por el Real Patronato y realizada por la Federaci\u00f3n de Asociaciones de Profesionales de Atenci\u00f3n Temprana (GAT). En ella hemos participado desde AITE y os la dejamos aqu\u00ed para que pod\u00e1is hacer uso de ella. Est\u00e1 dirigida principalmente a los padres y da informaci\u00f3n en cada etapa del desarrollo sobre c\u00f3mo es el ni\u00f1o y qu\u00e9 necesita, recogiendo tambi\u00e9n aspectos b\u00e1sicos sobre la alimentaci\u00f3n, el sue\u00f1o, la higiene, la comunicaci\u00f3n y el juego. La pod\u00e9is encontrar en la p\u00e1gina del <a href=\"http:\/\/www.cedd.net\/\">Centro Espa\u00f1ol de Documentaci\u00f3n sobre Discapacidad<\/a>, CEDD, en el apartado de publicaciones, folletos. Ten\u00e9is que registraros para poderla descargar. Aunque, para m\u00e1s comodidad os la dejamos aqu\u00ed. Esperamos que os sea de mucha utilidad.<br \/><a title=\"View Gu\u00eda del desarrollo infantil desde el nacimiento hasta los 6 a\u00f1os on Scribd\" href=\"http:\/\/www.scribd.com\/doc\/33946003\/Guia-del-desarrollo-infantil-desde-el-nacimiento-hasta-los-6-anos\" style=\"margin: 12px auto 6px auto; font-family: Helvetica,Arial,Sans-serif; font-style: normal; font-variant: normal; font-weight: normal; font-size: 14px; line-height: normal; font-size-adjust: none; font-stretch: normal; -x-system-font: none; display: block; text-decoration: underline;\">Gu\u00eda del desarrollo infantil desde el nacimiento hasta los 6 a\u00f1os<\/a> <object name=\"doc_220963492910310\" height=\"500\" width=\"100%\" type=\"application\/x-shockwave-flash\" data=\"http:\/\/d1.scribdassets.com\/ScribdViewer.swf\" style=\"outline:none;\" rel=\"media:presentation\" resource=\"http:\/\/d1.scribdassets.com\/ScribdViewer.swf?document_id=33946003&#038;access_key=key-27l789ck0slh669zokty&#038;page=1&#038;viewMode=list\" xmlns:media=\"http:\/\/search.yahoo.com\/searchmonkey\/media\/\" xmlns:dc=\"http:\/\/purl.org\/dc\/terms\/\"><param name=\"movie\" value=\"http:\/\/d1.scribdassets.com\/ScribdViewer.swf\"><param name=\"wmode\" value=\"opaque\"><param name=\"bgcolor\" value=\"#ffffff\"><param name=\"allowFullScreen\" value=\"true\"><param name=\"allowScriptAccess\" value=\"always\"><param name=\"FlashVars\" value=\"document_id=33946003&#038;access_key=key-27l789ck0slh669zokty&#038;page=1&#038;viewMode=list\"><embed name=\"doc_220963492910310\" src=\"http:\/\/d1.scribdassets.com\/ScribdViewer.swf?document_id=33946003&#038;access_key=key-27l789ck0slh669zokty&#038;page=1&#038;viewMode=list\" type=\"application\/x-shockwave-flash\" allowscriptaccess=\"always\" allowfullscreen=\"true\" height=\"500\" width=\"100%\" wmode=\"opaque\" bgcolor=\"#ffffff\"><\/embed><\/object><\/p>\n","protected":false},"excerpt":{"rendered":"<p>Nos alegra poderos presentar esta gu\u00eda que est\u00e1 editada por el Real Patronato y realizada por la Federaci\u00f3n de Asociaciones de Profesionales de Atenci\u00f3n Temprana (GAT). En ella hemos participado desde AITE y os la dejamos aqu\u00ed para que pod\u00e1is hacer uso de ella. Est\u00e1 dirigida principalmente a los padres y da informaci\u00f3n en cada [&hellip;]<\/p>\n","protected":false},"author":1,"featured_media":0,"comment_status":"closed","ping_status":"open","sticky":false,"template":"","format":"standard","meta":{"_monsterinsights_skip_tracking":false,"_monsterinsights_sitenote_active":false,"_monsterinsights_sitenote_note":"","_monsterinsights_sitenote_category":0,"footnotes":""},"categories":[2],"tags":[],"class_list":["post-149","post","type-post","status-publish","format-standard","hentry","category-libros"],"_links":{"self":[{"href":"http:\/\/www.aite-extremadura.org\/blog\/wp-json\/wp\/v2\/posts\/149","targetHints":{"allow":["GET"]}}],"collection":[{"href":"http:\/\/www.aite-extremadura.org\/blog\/wp-json\/wp\/v2\/posts"}],"about":[{"href":"http:\/\/www.aite-extremadura.org\/blog\/wp-json\/wp\/v2\/types\/post"}],"author":[{"embeddable":true,"href":"http:\/\/www.aite-extremadura.org\/blog\/wp-json\/wp\/v2\/users\/1"}],"replies":[{"embeddable":true,"href":"http:\/\/www.aite-extremadura.org\/blog\/wp-json\/wp\/v2\/comments?post=149"}],"version-history":[{"count":1,"href":"http:\/\/www.aite-extremadura.org\/blog\/wp-json\/wp\/v2\/posts\/149\/revisions"}],"predecessor-version":[{"id":542,"href":"http:\/\/www.aite-extremadura.org\/blog\/wp-json\/wp\/v2\/posts\/149\/revisions\/542"}],"wp:attachment":[{"href":"http:\/\/www.aite-extremadura.org\/blog\/wp-json\/wp\/v2\/media?parent=149"}],"wp:term":[{"taxonomy":"category","embeddable":true,"href":"http:\/\/www.aite-extremadura.org\/blog\/wp-json\/wp\/v2\/categories?post=149"},{"taxonomy":"post_tag","embeddable":true,"href":"http:\/\/www.aite-extremadura.org\/blog\/wp-json\/wp\/v2\/tags?post=149"}],"curies":[{"name":"wp","href":"https:\/\/api.w.org\/{rel}","templated":true}]}}