{"id":148,"date":"2010-07-07T06:24:00","date_gmt":"2010-07-07T06:24:00","guid":{"rendered":"http:\/\/www.aite-extremadura.org\/blog\/?p=148"},"modified":"2018-05-09T23:39:13","modified_gmt":"2018-05-09T22:39:13","slug":"la-atencion-temprana-un-compromiso-con-la-infancia-y-las-familias","status":"publish","type":"post","link":"http:\/\/www.aite-extremadura.org\/blog\/la-atencion-temprana-un-compromiso-con-la-infancia-y-las-familias\/","title":{"rendered":"La Atenci\u00f3n Temprana. Un compromiso con la infancia y las familias."},"content":{"rendered":"<p><a href=\"http:\/\/www.aite-extremadura.org\/blog\/wp-content\/uploads\/2010\/07\/atencion_temprana.jpg\"><img decoding=\"async\" style=\"float:left; margin:0 10px 10px 0;cursor:pointer; cursor:hand;width: 142px; height: 200px;\" src=\"http:\/\/www.aite-extremadura.org\/blog\/wp-content\/uploads\/2010\/07\/atencion_temprana-212x300.jpg\" border=\"0\" alt=\"\"id=\"BLOGGER_PHOTO_ID_5491047428069064642\" \/><\/a><br \/>Os recomendamos este libro que acaba de editarse y en el que han participado compa\u00f1eros del GAT. <br \/>Desde una perspectiva interdisciplinar, que asegura distintas miradas y sensibilidades, el libro pretende ofrecer un acercamiento a la concepci\u00f3n y pr\u00e1ctica de la atenci\u00f3n temprana, centrada en la familia como motor de desarrollo, que incorpore tanto cuestiones relativas a sus fundamentos, organizaci\u00f3n e intervenci\u00f3n como los nuevos retos derivados de los avances de las ciencias y de la investigaci\u00f3n.<br \/>Esperamos que sea de vuestro inter\u00e9s. <br \/>Aqu\u00ed os dejamos la referencia a la <a href=\"http:\/\/www.editorialuoc.cat\/index.php?main_page=product_info&amp;cPath=1&amp;products_id=631&amp;language=es\">editorial UOC<\/a>.<\/p>\n","protected":false},"excerpt":{"rendered":"<p>Os recomendamos este libro que acaba de editarse y en el que han participado compa\u00f1eros del GAT. Desde una perspectiva interdisciplinar, que asegura distintas miradas y sensibilidades, el libro pretende ofrecer un acercamiento a la concepci\u00f3n y pr\u00e1ctica de la atenci\u00f3n temprana, centrada en la familia como motor de desarrollo, que incorpore tanto cuestiones relativas [&hellip;]<\/p>\n","protected":false},"author":1,"featured_media":337,"comment_status":"closed","ping_status":"open","sticky":false,"template":"","format":"standard","meta":{"_monsterinsights_skip_tracking":false,"_monsterinsights_sitenote_active":false,"_monsterinsights_sitenote_note":"","_monsterinsights_sitenote_category":0,"footnotes":""},"categories":[2],"tags":[],"class_list":["post-148","post","type-post","status-publish","format-standard","has-post-thumbnail","hentry","category-libros"],"_links":{"self":[{"href":"http:\/\/www.aite-extremadura.org\/blog\/wp-json\/wp\/v2\/posts\/148","targetHints":{"allow":["GET"]}}],"collection":[{"href":"http:\/\/www.aite-extremadura.org\/blog\/wp-json\/wp\/v2\/posts"}],"about":[{"href":"http:\/\/www.aite-extremadura.org\/blog\/wp-json\/wp\/v2\/types\/post"}],"author":[{"embeddable":true,"href":"http:\/\/www.aite-extremadura.org\/blog\/wp-json\/wp\/v2\/users\/1"}],"replies":[{"embeddable":true,"href":"http:\/\/www.aite-extremadura.org\/blog\/wp-json\/wp\/v2\/comments?post=148"}],"version-history":[{"count":1,"href":"http:\/\/www.aite-extremadura.org\/blog\/wp-json\/wp\/v2\/posts\/148\/revisions"}],"predecessor-version":[{"id":541,"href":"http:\/\/www.aite-extremadura.org\/blog\/wp-json\/wp\/v2\/posts\/148\/revisions\/541"}],"wp:featuredmedia":[{"embeddable":true,"href":"http:\/\/www.aite-extremadura.org\/blog\/wp-json\/wp\/v2\/media\/337"}],"wp:attachment":[{"href":"http:\/\/www.aite-extremadura.org\/blog\/wp-json\/wp\/v2\/media?parent=148"}],"wp:term":[{"taxonomy":"category","embeddable":true,"href":"http:\/\/www.aite-extremadura.org\/blog\/wp-json\/wp\/v2\/categories?post=148"},{"taxonomy":"post_tag","embeddable":true,"href":"http:\/\/www.aite-extremadura.org\/blog\/wp-json\/wp\/v2\/tags?post=148"}],"curies":[{"name":"wp","href":"https:\/\/api.w.org\/{rel}","templated":true}]}}