{"id":147,"date":"2010-07-14T06:41:00","date_gmt":"2010-07-14T06:41:00","guid":{"rendered":"http:\/\/www.aite-extremadura.org\/blog\/?p=147"},"modified":"2018-05-09T23:39:13","modified_gmt":"2018-05-09T22:39:13","slug":"sindrome-de-asperger","status":"publish","type":"post","link":"http:\/\/www.aite-extremadura.org\/blog\/sindrome-de-asperger\/","title":{"rendered":"S\u00edndrome de Asperger"},"content":{"rendered":"<p>Esta gu\u00eda est\u00e1 realizada por la Asociaci\u00f3n Asperger Asturias. Aunque es una gu\u00eda espec\u00edfica para el entorno educativo, hemos cre\u00eddo que podr\u00eda seros de utilidad, ya que muestra los aspectos del SA de forma clara y sencilla. Aqu\u00ed os la dejamos.<br \/><a title=\"View Sindrome de Asperger. Asturias on Scribd\" href=\"http:\/\/www.scribd.com\/doc\/34311429\/Sindrome-de-Asperger-Asturias\" style=\"margin: 12px auto 6px auto; font-family: Helvetica,Arial,Sans-serif; font-style: normal; font-variant: normal; font-weight: normal; font-size: 14px; line-height: normal; font-size-adjust: none; font-stretch: normal; -x-system-font: none; display: block; text-decoration: underline;\">Sindrome de Asperger. Asturias<\/a> <object name=\"doc_348144766291765\" height=\"500\" width=\"100%\" type=\"application\/x-shockwave-flash\" data=\"http:\/\/d1.scribdassets.com\/ScribdViewer.swf\" style=\"outline:none;\" rel=\"media:document\" resource=\"http:\/\/d1.scribdassets.com\/ScribdViewer.swf?document_id=34311429&#038;access_key=key-1734qokjf6a1se5z7gmw&#038;page=1&#038;viewMode=list\" xmlns:media=\"http:\/\/search.yahoo.com\/searchmonkey\/media\/\" xmlns:dc=\"http:\/\/purl.org\/dc\/terms\/\"><param name=\"movie\" value=\"http:\/\/d1.scribdassets.com\/ScribdViewer.swf\"><param name=\"wmode\" value=\"opaque\"><param name=\"bgcolor\" value=\"#ffffff\"><param name=\"allowFullScreen\" value=\"true\"><param name=\"allowScriptAccess\" value=\"always\"><param name=\"FlashVars\" value=\"document_id=34311429&#038;access_key=key-1734qokjf6a1se5z7gmw&#038;page=1&#038;viewMode=list\"><embed name=\"doc_348144766291765\" src=\"http:\/\/d1.scribdassets.com\/ScribdViewer.swf?document_id=34311429&#038;access_key=key-1734qokjf6a1se5z7gmw&#038;page=1&#038;viewMode=list\" type=\"application\/x-shockwave-flash\" allowscriptaccess=\"always\" allowfullscreen=\"true\" height=\"500\" width=\"100%\" wmode=\"opaque\" bgcolor=\"#ffffff\"><\/embed><\/object><\/p>\n","protected":false},"excerpt":{"rendered":"<p>Esta gu\u00eda est\u00e1 realizada por la Asociaci\u00f3n Asperger Asturias. Aunque es una gu\u00eda espec\u00edfica para el entorno educativo, hemos cre\u00eddo que podr\u00eda seros de utilidad, ya que muestra los aspectos del SA de forma clara y sencilla. Aqu\u00ed os la dejamos.Sindrome de Asperger. Asturias<\/p>\n","protected":false},"author":1,"featured_media":0,"comment_status":"closed","ping_status":"open","sticky":false,"template":"","format":"standard","meta":{"_monsterinsights_skip_tracking":false,"_monsterinsights_sitenote_active":false,"_monsterinsights_sitenote_note":"","_monsterinsights_sitenote_category":0,"footnotes":""},"categories":[2],"tags":[],"class_list":["post-147","post","type-post","status-publish","format-standard","hentry","category-libros"],"_links":{"self":[{"href":"http:\/\/www.aite-extremadura.org\/blog\/wp-json\/wp\/v2\/posts\/147","targetHints":{"allow":["GET"]}}],"collection":[{"href":"http:\/\/www.aite-extremadura.org\/blog\/wp-json\/wp\/v2\/posts"}],"about":[{"href":"http:\/\/www.aite-extremadura.org\/blog\/wp-json\/wp\/v2\/types\/post"}],"author":[{"embeddable":true,"href":"http:\/\/www.aite-extremadura.org\/blog\/wp-json\/wp\/v2\/users\/1"}],"replies":[{"embeddable":true,"href":"http:\/\/www.aite-extremadura.org\/blog\/wp-json\/wp\/v2\/comments?post=147"}],"version-history":[{"count":1,"href":"http:\/\/www.aite-extremadura.org\/blog\/wp-json\/wp\/v2\/posts\/147\/revisions"}],"predecessor-version":[{"id":540,"href":"http:\/\/www.aite-extremadura.org\/blog\/wp-json\/wp\/v2\/posts\/147\/revisions\/540"}],"wp:attachment":[{"href":"http:\/\/www.aite-extremadura.org\/blog\/wp-json\/wp\/v2\/media?parent=147"}],"wp:term":[{"taxonomy":"category","embeddable":true,"href":"http:\/\/www.aite-extremadura.org\/blog\/wp-json\/wp\/v2\/categories?post=147"},{"taxonomy":"post_tag","embeddable":true,"href":"http:\/\/www.aite-extremadura.org\/blog\/wp-json\/wp\/v2\/tags?post=147"}],"curies":[{"name":"wp","href":"https:\/\/api.w.org\/{rel}","templated":true}]}}