{"id":145,"date":"2010-07-21T08:09:00","date_gmt":"2010-07-21T08:09:00","guid":{"rendered":"http:\/\/www.aite-extremadura.org\/blog\/?p=145"},"modified":"2018-05-09T23:39:13","modified_gmt":"2018-05-09T22:39:13","slug":"web-educamadrid","status":"publish","type":"post","link":"http:\/\/www.aite-extremadura.org\/blog\/web-educamadrid\/","title":{"rendered":"Web EDUCAMADRID"},"content":{"rendered":"<p><a href=\"http:\/\/www.aite-extremadura.org\/blog\/wp-content\/uploads\/2010\/07\/educamadrid.jpg\"><img decoding=\"async\" style=\"float:left; margin:0 10px 10px 0;cursor:pointer; cursor:hand;width: 200px; height: 133px;\" src=\"http:\/\/www.aite-extremadura.org\/blog\/wp-content\/uploads\/2010\/07\/educamadrid-300x199.jpg\" border=\"0\" alt=\"\"id=\"BLOGGER_PHOTO_ID_5496269679112385282\" \/><\/a><br \/>En la p\u00e1gina web de EDUCAMADRID, es interesante ver el apartado de logopedia. Ten\u00e9is recursos para descargar y en red. Os dejamos el enlace para que le ech\u00e9is un vistazo. <a href=\"http:\/\/www-pre.educa.madrid.org\/portal\/c\/portal\/layout?p_l_id=14135.1&amp;c=an\">P\u00c1GINA DE EDUCAMADRID<\/a>. La a\u00f1adimos a nuestra lista.<\/p>\n","protected":false},"excerpt":{"rendered":"<p>En la p\u00e1gina web de EDUCAMADRID, es interesante ver el apartado de logopedia. Ten\u00e9is recursos para descargar y en red. Os dejamos el enlace para que le ech\u00e9is un vistazo. P\u00c1GINA DE EDUCAMADRID. La a\u00f1adimos a nuestra lista.<\/p>\n","protected":false},"author":1,"featured_media":335,"comment_status":"closed","ping_status":"open","sticky":false,"template":"","format":"standard","meta":{"_monsterinsights_skip_tracking":false,"_monsterinsights_sitenote_active":false,"_monsterinsights_sitenote_note":"","_monsterinsights_sitenote_category":0,"footnotes":""},"categories":[9],"tags":[],"class_list":["post-145","post","type-post","status-publish","format-standard","has-post-thumbnail","hentry","category-paginas-de-interes"],"_links":{"self":[{"href":"http:\/\/www.aite-extremadura.org\/blog\/wp-json\/wp\/v2\/posts\/145","targetHints":{"allow":["GET"]}}],"collection":[{"href":"http:\/\/www.aite-extremadura.org\/blog\/wp-json\/wp\/v2\/posts"}],"about":[{"href":"http:\/\/www.aite-extremadura.org\/blog\/wp-json\/wp\/v2\/types\/post"}],"author":[{"embeddable":true,"href":"http:\/\/www.aite-extremadura.org\/blog\/wp-json\/wp\/v2\/users\/1"}],"replies":[{"embeddable":true,"href":"http:\/\/www.aite-extremadura.org\/blog\/wp-json\/wp\/v2\/comments?post=145"}],"version-history":[{"count":1,"href":"http:\/\/www.aite-extremadura.org\/blog\/wp-json\/wp\/v2\/posts\/145\/revisions"}],"predecessor-version":[{"id":538,"href":"http:\/\/www.aite-extremadura.org\/blog\/wp-json\/wp\/v2\/posts\/145\/revisions\/538"}],"wp:featuredmedia":[{"embeddable":true,"href":"http:\/\/www.aite-extremadura.org\/blog\/wp-json\/wp\/v2\/media\/335"}],"wp:attachment":[{"href":"http:\/\/www.aite-extremadura.org\/blog\/wp-json\/wp\/v2\/media?parent=145"}],"wp:term":[{"taxonomy":"category","embeddable":true,"href":"http:\/\/www.aite-extremadura.org\/blog\/wp-json\/wp\/v2\/categories?post=145"},{"taxonomy":"post_tag","embeddable":true,"href":"http:\/\/www.aite-extremadura.org\/blog\/wp-json\/wp\/v2\/tags?post=145"}],"curies":[{"name":"wp","href":"https:\/\/api.w.org\/{rel}","templated":true}]}}