{"id":144,"date":"2010-07-26T12:30:00","date_gmt":"2010-07-26T12:30:00","guid":{"rendered":"http:\/\/www.aite-extremadura.org\/blog\/?p=144"},"modified":"2018-05-09T23:39:13","modified_gmt":"2018-05-09T22:39:13","slug":"iv-reunion-interdisciplinar-sobre-discapacidadestrastornos-del-desarrollo-y-atencion-temprana","status":"publish","type":"post","link":"http:\/\/www.aite-extremadura.org\/blog\/iv-reunion-interdisciplinar-sobre-discapacidadestrastornos-del-desarrollo-y-atencion-temprana\/","title":{"rendered":"IV Reuni\u00f3n Interdisciplinar sobre Discapacidades\/Trastornos del Desarrollo y Atenci\u00f3n Temprana"},"content":{"rendered":"<p><a href=\"http:\/\/www.aite-extremadura.org\/blog\/wp-content\/uploads\/2010\/07\/logo_header.png\"><img decoding=\"async\" style=\"display:block; margin:0px auto 10px; text-align:center;cursor:pointer; cursor:hand;width: 200px; height: 84px;\" src=\"http:\/\/www.aite-extremadura.org\/blog\/wp-content\/uploads\/2010\/07\/logo_header.png\" border=\"0\" alt=\"\"id=\"BLOGGER_PHOTO_ID_5498191898606537250\" \/><\/a><br \/>Se ha presentado la Convocatoria General de la IV reuni\u00f3n Interdisciplinar sobre Discapacidades\/Trastornos del Desarollo y Atenci\u00f3n Temprana a celebrar en Madrid, los d\u00edas 18 y 19 de noviembre de 2010, que coincide con el XX Aniversario de las Reuniones Interdisciplinares organizadas por GENYSI. Os enviamos el enlace a la p\u00e1gina web, donde os pod\u00e9is descargar la informaci\u00f3n. <a href=\"http:\/\/www.genysi.es\/index.php?option=com_remository&amp;Itemid=32&amp;func=fileinfo&amp;id=352\">GENYSI<\/a>.<\/p>\n","protected":false},"excerpt":{"rendered":"<p>Se ha presentado la Convocatoria General de la IV reuni\u00f3n Interdisciplinar sobre Discapacidades\/Trastornos del Desarollo y Atenci\u00f3n Temprana a celebrar en Madrid, los d\u00edas 18 y 19 de noviembre de 2010, que coincide con el XX Aniversario de las Reuniones Interdisciplinares organizadas por GENYSI. Os enviamos el enlace a la p\u00e1gina web, donde os pod\u00e9is [&hellip;]<\/p>\n","protected":false},"author":1,"featured_media":334,"comment_status":"closed","ping_status":"open","sticky":false,"template":"","format":"standard","meta":{"_monsterinsights_skip_tracking":false,"_monsterinsights_sitenote_active":false,"_monsterinsights_sitenote_note":"","_monsterinsights_sitenote_category":0,"footnotes":""},"categories":[6],"tags":[],"class_list":["post-144","post","type-post","status-publish","format-standard","has-post-thumbnail","hentry","category-jornadas"],"_links":{"self":[{"href":"http:\/\/www.aite-extremadura.org\/blog\/wp-json\/wp\/v2\/posts\/144","targetHints":{"allow":["GET"]}}],"collection":[{"href":"http:\/\/www.aite-extremadura.org\/blog\/wp-json\/wp\/v2\/posts"}],"about":[{"href":"http:\/\/www.aite-extremadura.org\/blog\/wp-json\/wp\/v2\/types\/post"}],"author":[{"embeddable":true,"href":"http:\/\/www.aite-extremadura.org\/blog\/wp-json\/wp\/v2\/users\/1"}],"replies":[{"embeddable":true,"href":"http:\/\/www.aite-extremadura.org\/blog\/wp-json\/wp\/v2\/comments?post=144"}],"version-history":[{"count":1,"href":"http:\/\/www.aite-extremadura.org\/blog\/wp-json\/wp\/v2\/posts\/144\/revisions"}],"predecessor-version":[{"id":537,"href":"http:\/\/www.aite-extremadura.org\/blog\/wp-json\/wp\/v2\/posts\/144\/revisions\/537"}],"wp:featuredmedia":[{"embeddable":true,"href":"http:\/\/www.aite-extremadura.org\/blog\/wp-json\/wp\/v2\/media\/334"}],"wp:attachment":[{"href":"http:\/\/www.aite-extremadura.org\/blog\/wp-json\/wp\/v2\/media?parent=144"}],"wp:term":[{"taxonomy":"category","embeddable":true,"href":"http:\/\/www.aite-extremadura.org\/blog\/wp-json\/wp\/v2\/categories?post=144"},{"taxonomy":"post_tag","embeddable":true,"href":"http:\/\/www.aite-extremadura.org\/blog\/wp-json\/wp\/v2\/tags?post=144"}],"curies":[{"name":"wp","href":"https:\/\/api.w.org\/{rel}","templated":true}]}}