{"id":143,"date":"2010-08-07T10:14:00","date_gmt":"2010-08-07T10:14:00","guid":{"rendered":"http:\/\/www.aite-extremadura.org\/blog\/?p=143"},"modified":"2018-05-09T23:39:13","modified_gmt":"2018-05-09T22:39:13","slug":"espacio-logopedico","status":"publish","type":"post","link":"http:\/\/www.aite-extremadura.org\/blog\/espacio-logopedico\/","title":{"rendered":"Espacio Logop\u00e9dico"},"content":{"rendered":"<p><a href=\"http:\/\/www.aite-extremadura.org\/blog\/wp-content\/uploads\/2010\/08\/logoEspacio.png\"><img decoding=\"async\" style=\"display:block; margin:0px auto 10px; text-align:center;cursor:pointer; cursor:hand;width: 200px; height: 23px;\" src=\"http:\/\/www.aite-extremadura.org\/blog\/wp-content\/uploads\/2010\/08\/logoEspacio-300x35.png\" border=\"0\" alt=\"\"id=\"BLOGGER_PHOTO_ID_5502610218563237426\" \/><\/a><br \/>Hoy recomendamos, para quienes a\u00fan no la conocen, la p\u00e1gina ESPACIO LOGOP\u00c9DICO por su variedad de contenidos y su utilidad a la hora de informarnos de diferentes temas (libros, material, jornadas, art\u00edculos&#8230;). Os dejamos el enlace y os sugerimos que os registr\u00e9is de forma gratuita, ya que ten\u00e9is la posibilidad de que os env\u00eden un bolet\u00edn peri\u00f3dico a vuestro correo electr\u00f3nico con lo m\u00e1s destacado de la p\u00e1gina. Esperamos que os sea de mucha utilidad.<br \/><a href=\"http:\/\/www.espaciologopedico.com\/\">P\u00e1gina de Espac\u00edo Logop\u00e9dico<\/a>.<\/p>\n","protected":false},"excerpt":{"rendered":"<p>Hoy recomendamos, para quienes a\u00fan no la conocen, la p\u00e1gina ESPACIO LOGOP\u00c9DICO por su variedad de contenidos y su utilidad a la hora de informarnos de diferentes temas (libros, material, jornadas, art\u00edculos&#8230;). Os dejamos el enlace y os sugerimos que os registr\u00e9is de forma gratuita, ya que ten\u00e9is la posibilidad de que os env\u00eden un [&hellip;]<\/p>\n","protected":false},"author":1,"featured_media":333,"comment_status":"closed","ping_status":"open","sticky":false,"template":"","format":"standard","meta":{"_monsterinsights_skip_tracking":false,"_monsterinsights_sitenote_active":false,"_monsterinsights_sitenote_note":"","_monsterinsights_sitenote_category":0,"footnotes":""},"categories":[9],"tags":[],"class_list":["post-143","post","type-post","status-publish","format-standard","has-post-thumbnail","hentry","category-paginas-de-interes"],"_links":{"self":[{"href":"http:\/\/www.aite-extremadura.org\/blog\/wp-json\/wp\/v2\/posts\/143","targetHints":{"allow":["GET"]}}],"collection":[{"href":"http:\/\/www.aite-extremadura.org\/blog\/wp-json\/wp\/v2\/posts"}],"about":[{"href":"http:\/\/www.aite-extremadura.org\/blog\/wp-json\/wp\/v2\/types\/post"}],"author":[{"embeddable":true,"href":"http:\/\/www.aite-extremadura.org\/blog\/wp-json\/wp\/v2\/users\/1"}],"replies":[{"embeddable":true,"href":"http:\/\/www.aite-extremadura.org\/blog\/wp-json\/wp\/v2\/comments?post=143"}],"version-history":[{"count":1,"href":"http:\/\/www.aite-extremadura.org\/blog\/wp-json\/wp\/v2\/posts\/143\/revisions"}],"predecessor-version":[{"id":536,"href":"http:\/\/www.aite-extremadura.org\/blog\/wp-json\/wp\/v2\/posts\/143\/revisions\/536"}],"wp:featuredmedia":[{"embeddable":true,"href":"http:\/\/www.aite-extremadura.org\/blog\/wp-json\/wp\/v2\/media\/333"}],"wp:attachment":[{"href":"http:\/\/www.aite-extremadura.org\/blog\/wp-json\/wp\/v2\/media?parent=143"}],"wp:term":[{"taxonomy":"category","embeddable":true,"href":"http:\/\/www.aite-extremadura.org\/blog\/wp-json\/wp\/v2\/categories?post=143"},{"taxonomy":"post_tag","embeddable":true,"href":"http:\/\/www.aite-extremadura.org\/blog\/wp-json\/wp\/v2\/tags?post=143"}],"curies":[{"name":"wp","href":"https:\/\/api.w.org\/{rel}","templated":true}]}}