{"id":142,"date":"2010-08-11T19:53:00","date_gmt":"2010-08-11T19:53:00","guid":{"rendered":"http:\/\/www.aite-extremadura.org\/blog\/?p=142"},"modified":"2019-11-20T11:17:56","modified_gmt":"2019-11-20T10:17:56","slug":"colegio-de-logopedas-de-extremadura","status":"publish","type":"post","link":"http:\/\/www.aite-extremadura.org\/blog\/colegio-de-logopedas-de-extremadura\/","title":{"rendered":"Colegio de Logopedas de Extremadura"},"content":{"rendered":"<p><a href=\"http:\/\/www.cologex.es\"><img loading=\"lazy\" decoding=\"async\" class=\" wp-image-587 aligncenter\" src=\"http:\/\/www.aite-extremadura.org\/blog\/wp-content\/uploads\/2010\/08\/logo_cologex-300x103.jpg\" alt=\"\" width=\"350\" height=\"120\" srcset=\"http:\/\/www.aite-extremadura.org\/blog\/wp-content\/uploads\/2010\/08\/logo_cologex-300x103.jpg 300w, http:\/\/www.aite-extremadura.org\/blog\/wp-content\/uploads\/2010\/08\/logo_cologex.jpg 403w\" sizes=\"auto, (max-width: 350px) 100vw, 350px\" \/><\/a><\/p>\n<p>El Colegio Oficial de Logopedas de Extremadura se encuentra realizando los tr\u00e1mites para comenzar a funcionar. A mediados de Septiembre se facilitar\u00e1n los impresos necesarios para hacer las habilitaciones y colegiaciones. Os dejamos el correo electr\u00f3nico al que os pod\u00e9is dirigir:<em> cologex@gmail.com <\/em>y el enlace al blog <a href=\"http:\/\/www.cologex.es\">Colegio de Logopedas de Extremadura<\/a> (<a href=\"http:\/\/www.cologex.es\"><strong>www.cologex.es<\/strong><\/a>). Se agradece la difusi\u00f3n de esta informaci\u00f3n.<\/p>\n","protected":false},"excerpt":{"rendered":"<p>El Colegio Oficial de Logopedas de Extremadura se encuentra realizando los tr\u00e1mites para comenzar a funcionar. A mediados de Septiembre se facilitar\u00e1n los impresos necesarios para hacer las habilitaciones y colegiaciones. Os dejamos el correo electr\u00f3nico al que os pod\u00e9is dirigir: cologex@gmail.com y el enlace al blog Colegio de Logopedas de Extremadura (www.cologex.es). Se agradece [&hellip;]<\/p>\n","protected":false},"author":1,"featured_media":587,"comment_status":"closed","ping_status":"open","sticky":false,"template":"","format":"standard","meta":{"_monsterinsights_skip_tracking":false,"_monsterinsights_sitenote_active":false,"_monsterinsights_sitenote_note":"","_monsterinsights_sitenote_category":0,"footnotes":""},"categories":[8],"tags":[],"class_list":["post-142","post","type-post","status-publish","format-standard","has-post-thumbnail","hentry","category-informacion-de-interes"],"_links":{"self":[{"href":"http:\/\/www.aite-extremadura.org\/blog\/wp-json\/wp\/v2\/posts\/142","targetHints":{"allow":["GET"]}}],"collection":[{"href":"http:\/\/www.aite-extremadura.org\/blog\/wp-json\/wp\/v2\/posts"}],"about":[{"href":"http:\/\/www.aite-extremadura.org\/blog\/wp-json\/wp\/v2\/types\/post"}],"author":[{"embeddable":true,"href":"http:\/\/www.aite-extremadura.org\/blog\/wp-json\/wp\/v2\/users\/1"}],"replies":[{"embeddable":true,"href":"http:\/\/www.aite-extremadura.org\/blog\/wp-json\/wp\/v2\/comments?post=142"}],"version-history":[{"count":3,"href":"http:\/\/www.aite-extremadura.org\/blog\/wp-json\/wp\/v2\/posts\/142\/revisions"}],"predecessor-version":[{"id":590,"href":"http:\/\/www.aite-extremadura.org\/blog\/wp-json\/wp\/v2\/posts\/142\/revisions\/590"}],"wp:featuredmedia":[{"embeddable":true,"href":"http:\/\/www.aite-extremadura.org\/blog\/wp-json\/wp\/v2\/media\/587"}],"wp:attachment":[{"href":"http:\/\/www.aite-extremadura.org\/blog\/wp-json\/wp\/v2\/media?parent=142"}],"wp:term":[{"taxonomy":"category","embeddable":true,"href":"http:\/\/www.aite-extremadura.org\/blog\/wp-json\/wp\/v2\/categories?post=142"},{"taxonomy":"post_tag","embeddable":true,"href":"http:\/\/www.aite-extremadura.org\/blog\/wp-json\/wp\/v2\/tags?post=142"}],"curies":[{"name":"wp","href":"https:\/\/api.w.org\/{rel}","templated":true}]}}