{"id":141,"date":"2010-09-02T09:34:00","date_gmt":"2010-09-02T09:34:00","guid":{"rendered":"http:\/\/www.aite-extremadura.org\/blog\/?p=141"},"modified":"2018-05-09T23:39:13","modified_gmt":"2018-05-09T22:39:13","slug":"xv-congreso-nacional-de-profesionales-de-autismo","status":"publish","type":"post","link":"http:\/\/www.aite-extremadura.org\/blog\/xv-congreso-nacional-de-profesionales-de-autismo\/","title":{"rendered":"XV Congreso Nacional de Profesionales de Autismo"},"content":{"rendered":"<p><a href=\"http:\/\/www.aite-extremadura.org\/blog\/wp-content\/uploads\/2010\/09\/logo_elegido.jpg\"><img decoding=\"async\" style=\"float:left; margin:0 10px 10px 0;cursor:pointer; cursor:hand;width: 200px; height: 199px;\" src=\"http:\/\/www.aite-extremadura.org\/blog\/wp-content\/uploads\/2010\/09\/logo_elegido.jpg\" border=\"0\" alt=\"\"id=\"BLOGGER_PHOTO_ID_5512248173541719058\" \/><\/a><br \/>Este Congreso, organizado por AETAPI, tendr\u00e1 lugar entre los d\u00edas 18, 19 y 20 de noviembre de 2010 en el Paraninfo de la Universidad de Zaragoza.<br \/>Pretende ser un punto de encuentro y reflexi\u00f3n para los diferentes profesionales en el \u00e1mbito de la atenci\u00f3n a personas con TEA.<br \/>Os dejamos el enlace a la <a href=\"http:\/\/ouad.unizar.es\/congresoAETAPI\/index.html?menu=aetapi\">p\u00e1gina web del Congreso <\/a>por si fuese de vuestro inter\u00e9s.<\/p>\n","protected":false},"excerpt":{"rendered":"<p>Este Congreso, organizado por AETAPI, tendr\u00e1 lugar entre los d\u00edas 18, 19 y 20 de noviembre de 2010 en el Paraninfo de la Universidad de Zaragoza.Pretende ser un punto de encuentro y reflexi\u00f3n para los diferentes profesionales en el \u00e1mbito de la atenci\u00f3n a personas con TEA.Os dejamos el enlace a la p\u00e1gina web del [&hellip;]<\/p>\n","protected":false},"author":1,"featured_media":331,"comment_status":"closed","ping_status":"open","sticky":false,"template":"","format":"standard","meta":{"_monsterinsights_skip_tracking":false,"_monsterinsights_sitenote_active":false,"_monsterinsights_sitenote_note":"","_monsterinsights_sitenote_category":0,"footnotes":""},"categories":[6],"tags":[],"class_list":["post-141","post","type-post","status-publish","format-standard","has-post-thumbnail","hentry","category-jornadas"],"_links":{"self":[{"href":"http:\/\/www.aite-extremadura.org\/blog\/wp-json\/wp\/v2\/posts\/141","targetHints":{"allow":["GET"]}}],"collection":[{"href":"http:\/\/www.aite-extremadura.org\/blog\/wp-json\/wp\/v2\/posts"}],"about":[{"href":"http:\/\/www.aite-extremadura.org\/blog\/wp-json\/wp\/v2\/types\/post"}],"author":[{"embeddable":true,"href":"http:\/\/www.aite-extremadura.org\/blog\/wp-json\/wp\/v2\/users\/1"}],"replies":[{"embeddable":true,"href":"http:\/\/www.aite-extremadura.org\/blog\/wp-json\/wp\/v2\/comments?post=141"}],"version-history":[{"count":1,"href":"http:\/\/www.aite-extremadura.org\/blog\/wp-json\/wp\/v2\/posts\/141\/revisions"}],"predecessor-version":[{"id":534,"href":"http:\/\/www.aite-extremadura.org\/blog\/wp-json\/wp\/v2\/posts\/141\/revisions\/534"}],"wp:featuredmedia":[{"embeddable":true,"href":"http:\/\/www.aite-extremadura.org\/blog\/wp-json\/wp\/v2\/media\/331"}],"wp:attachment":[{"href":"http:\/\/www.aite-extremadura.org\/blog\/wp-json\/wp\/v2\/media?parent=141"}],"wp:term":[{"taxonomy":"category","embeddable":true,"href":"http:\/\/www.aite-extremadura.org\/blog\/wp-json\/wp\/v2\/categories?post=141"},{"taxonomy":"post_tag","embeddable":true,"href":"http:\/\/www.aite-extremadura.org\/blog\/wp-json\/wp\/v2\/tags?post=141"}],"curies":[{"name":"wp","href":"https:\/\/api.w.org\/{rel}","templated":true}]}}