{"id":14,"date":"2012-04-19T09:12:00","date_gmt":"2012-04-19T09:12:00","guid":{"rendered":"http:\/\/www.aite-extremadura.org\/blog\/?p=14"},"modified":"2018-05-09T23:39:08","modified_gmt":"2018-05-09T22:39:08","slug":"xviii-jornadas-nacionales-y-xiv-internacionales-de-hidroterapia-y-actividad-acuatica-adaptada","status":"publish","type":"post","link":"http:\/\/www.aite-extremadura.org\/blog\/xviii-jornadas-nacionales-y-xiv-internacionales-de-hidroterapia-y-actividad-acuatica-adaptada\/","title":{"rendered":"XVIII Jornadas Nacionales y XIV Internacionales de Hidroterapia y Actividad Acu\u00e1tica Adaptada"},"content":{"rendered":"<p>El CDIAT Bajo Guadalquivir organiza, como cada a\u00f1o, sus Jornadas de Hidroterapia y Actividad Acu\u00e1tica Adaptada, este a\u00f1o dedicadas a par\u00e1lisis cerebral, lesiones medulares, atenci\u00f3n temprana y grandes afecciones.<br \/>Todo el que ha estado en ellas las recomienda.<\/p>\n<p>Os dejamos toda la informaci\u00f3n en este <a href=\"http:\/\/www.jornadashidroterapia.com\/\">ENLACE<\/a>.<\/p>\n<div style=\"clear: both; text-align: center;\"><a href=\"http:\/\/www.aite-extremadura.org\/blog\/wp-content\/uploads\/2012\/04\/PortadaCartel2012.jpg\" style=\"margin-left: 1em; margin-right: 1em;\"><img loading=\"lazy\" decoding=\"async\" border=\"0\" height=\"233\" src=\"http:\/\/www.aite-extremadura.org\/blog\/wp-content\/uploads\/2012\/04\/PortadaCartel2012-300x219.jpg\" width=\"320\" \/><\/a><\/div>\n","protected":false},"excerpt":{"rendered":"<p>El CDIAT Bajo Guadalquivir organiza, como cada a\u00f1o, sus Jornadas de Hidroterapia y Actividad Acu\u00e1tica Adaptada, este a\u00f1o dedicadas a par\u00e1lisis cerebral, lesiones medulares, atenci\u00f3n temprana y grandes afecciones.Todo el que ha estado en ellas las recomienda. Os dejamos toda la informaci\u00f3n en este ENLACE.<\/p>\n","protected":false},"author":1,"featured_media":203,"comment_status":"closed","ping_status":"open","sticky":false,"template":"","format":"standard","meta":{"_monsterinsights_skip_tracking":false,"_monsterinsights_sitenote_active":false,"_monsterinsights_sitenote_note":"","_monsterinsights_sitenote_category":0,"footnotes":""},"categories":[6],"tags":[],"class_list":["post-14","post","type-post","status-publish","format-standard","has-post-thumbnail","hentry","category-jornadas"],"_links":{"self":[{"href":"http:\/\/www.aite-extremadura.org\/blog\/wp-json\/wp\/v2\/posts\/14","targetHints":{"allow":["GET"]}}],"collection":[{"href":"http:\/\/www.aite-extremadura.org\/blog\/wp-json\/wp\/v2\/posts"}],"about":[{"href":"http:\/\/www.aite-extremadura.org\/blog\/wp-json\/wp\/v2\/types\/post"}],"author":[{"embeddable":true,"href":"http:\/\/www.aite-extremadura.org\/blog\/wp-json\/wp\/v2\/users\/1"}],"replies":[{"embeddable":true,"href":"http:\/\/www.aite-extremadura.org\/blog\/wp-json\/wp\/v2\/comments?post=14"}],"version-history":[{"count":1,"href":"http:\/\/www.aite-extremadura.org\/blog\/wp-json\/wp\/v2\/posts\/14\/revisions"}],"predecessor-version":[{"id":419,"href":"http:\/\/www.aite-extremadura.org\/blog\/wp-json\/wp\/v2\/posts\/14\/revisions\/419"}],"wp:featuredmedia":[{"embeddable":true,"href":"http:\/\/www.aite-extremadura.org\/blog\/wp-json\/wp\/v2\/media\/203"}],"wp:attachment":[{"href":"http:\/\/www.aite-extremadura.org\/blog\/wp-json\/wp\/v2\/media?parent=14"}],"wp:term":[{"taxonomy":"category","embeddable":true,"href":"http:\/\/www.aite-extremadura.org\/blog\/wp-json\/wp\/v2\/categories?post=14"},{"taxonomy":"post_tag","embeddable":true,"href":"http:\/\/www.aite-extremadura.org\/blog\/wp-json\/wp\/v2\/tags?post=14"}],"curies":[{"name":"wp","href":"https:\/\/api.w.org\/{rel}","templated":true}]}}