{"id":139,"date":"2010-09-10T11:36:00","date_gmt":"2010-09-10T11:36:00","guid":{"rendered":"http:\/\/www.aite-extremadura.org\/blog\/?p=139"},"modified":"2018-05-09T23:39:13","modified_gmt":"2018-05-09T22:39:13","slug":"blog-el-taller-de-muni","status":"publish","type":"post","link":"http:\/\/www.aite-extremadura.org\/blog\/blog-el-taller-de-muni\/","title":{"rendered":"Blog El taller de Mun\u00ed"},"content":{"rendered":"<p><a href=\"http:\/\/www.aite-extremadura.org\/blog\/wp-content\/uploads\/2010\/09\/el-taller-copia.jpg\"><img decoding=\"async\" style=\"display:block; margin:0px auto 10px; text-align:center;cursor:pointer; cursor:hand;width: 200px; height: 87px;\" src=\"http:\/\/www.aite-extremadura.org\/blog\/wp-content\/uploads\/2010\/09\/el-taller-copia-300x131.jpg\" border=\"0\" alt=\"\"id=\"BLOGGER_PHOTO_ID_5515248436378451298\" \/><\/a><br \/>Os dejamos el enlace a este blog desde el que os pod\u00e9is descargar actividades, dibujos, rimas, etc., para trabajar con los ni\u00f1os. Lo colgamos en nuestras p\u00e1ginas de inter\u00e9s para que lo teng\u00e1is a mano tambi\u00e9n. Esperamos que os guste. <a href=\"http:\/\/eltallerdemuni.blogspot.com\/\">EL TALLER DE MUN\u00cd<\/a><\/p>\n","protected":false},"excerpt":{"rendered":"<p>Os dejamos el enlace a este blog desde el que os pod\u00e9is descargar actividades, dibujos, rimas, etc., para trabajar con los ni\u00f1os. Lo colgamos en nuestras p\u00e1ginas de inter\u00e9s para que lo teng\u00e1is a mano tambi\u00e9n. Esperamos que os guste. EL TALLER DE MUN\u00cd<\/p>\n","protected":false},"author":1,"featured_media":329,"comment_status":"closed","ping_status":"open","sticky":false,"template":"","format":"standard","meta":{"_monsterinsights_skip_tracking":false,"_monsterinsights_sitenote_active":false,"_monsterinsights_sitenote_note":"","_monsterinsights_sitenote_category":0,"footnotes":""},"categories":[9],"tags":[],"class_list":["post-139","post","type-post","status-publish","format-standard","has-post-thumbnail","hentry","category-paginas-de-interes"],"_links":{"self":[{"href":"http:\/\/www.aite-extremadura.org\/blog\/wp-json\/wp\/v2\/posts\/139","targetHints":{"allow":["GET"]}}],"collection":[{"href":"http:\/\/www.aite-extremadura.org\/blog\/wp-json\/wp\/v2\/posts"}],"about":[{"href":"http:\/\/www.aite-extremadura.org\/blog\/wp-json\/wp\/v2\/types\/post"}],"author":[{"embeddable":true,"href":"http:\/\/www.aite-extremadura.org\/blog\/wp-json\/wp\/v2\/users\/1"}],"replies":[{"embeddable":true,"href":"http:\/\/www.aite-extremadura.org\/blog\/wp-json\/wp\/v2\/comments?post=139"}],"version-history":[{"count":1,"href":"http:\/\/www.aite-extremadura.org\/blog\/wp-json\/wp\/v2\/posts\/139\/revisions"}],"predecessor-version":[{"id":532,"href":"http:\/\/www.aite-extremadura.org\/blog\/wp-json\/wp\/v2\/posts\/139\/revisions\/532"}],"wp:featuredmedia":[{"embeddable":true,"href":"http:\/\/www.aite-extremadura.org\/blog\/wp-json\/wp\/v2\/media\/329"}],"wp:attachment":[{"href":"http:\/\/www.aite-extremadura.org\/blog\/wp-json\/wp\/v2\/media?parent=139"}],"wp:term":[{"taxonomy":"category","embeddable":true,"href":"http:\/\/www.aite-extremadura.org\/blog\/wp-json\/wp\/v2\/categories?post=139"},{"taxonomy":"post_tag","embeddable":true,"href":"http:\/\/www.aite-extremadura.org\/blog\/wp-json\/wp\/v2\/tags?post=139"}],"curies":[{"name":"wp","href":"https:\/\/api.w.org\/{rel}","templated":true}]}}