{"id":137,"date":"2010-09-14T07:57:00","date_gmt":"2010-09-14T07:57:00","guid":{"rendered":"http:\/\/www.aite-extremadura.org\/blog\/?p=137"},"modified":"2018-05-09T23:39:13","modified_gmt":"2018-05-09T22:39:13","slug":"web-de-recursos-de-necesidades-educativas-especiales","status":"publish","type":"post","link":"http:\/\/www.aite-extremadura.org\/blog\/web-de-recursos-de-necesidades-educativas-especiales\/","title":{"rendered":"Web de Recursos de Necesidades Educativas Especiales"},"content":{"rendered":"<p><a href=\"http:\/\/www.aite-extremadura.org\/blog\/wp-content\/uploads\/2010\/09\/educacion_primaria9.jpg\"><img decoding=\"async\" style=\"float:right; margin:0 0 10px 10px;cursor:pointer; cursor:hand;width: 100px; height: 100px;\" src=\"http:\/\/www.aite-extremadura.org\/blog\/wp-content\/uploads\/2010\/09\/educacion_primaria9.jpg\" border=\"0\" alt=\"\"id=\"BLOGGER_PHOTO_ID_5516675759347246914\" \/><\/a><br \/>Os dejamos el enlace a una peque\u00f1a web que contiene algunos recursos interactivos destinados al alumnado con necesidades educativas especiales. Se trata de la web <em>Recursos de Necesidades Educativas Especiales <\/em>en cuya secci\u00f3n de actividades encontrar\u00e1s clasificados en categor\u00edas algunos recursos interactivos. <br \/>Las categor\u00edas de recursos abarcan aspectos tan interesantes como: la autonom\u00eda personal, la estimulaci\u00f3n, la l\u00f3gica&#8230; <br \/>Accede a la web <a href=\"http:\/\/lnx.rebujito.net\/index.php?option=com_docman&amp;Itemid=46\">aqu\u00ed<\/a> . Esperamos que os resulte de inter\u00e9s.<\/p>\n","protected":false},"excerpt":{"rendered":"<p>Os dejamos el enlace a una peque\u00f1a web que contiene algunos recursos interactivos destinados al alumnado con necesidades educativas especiales. Se trata de la web Recursos de Necesidades Educativas Especiales en cuya secci\u00f3n de actividades encontrar\u00e1s clasificados en categor\u00edas algunos recursos interactivos. Las categor\u00edas de recursos abarcan aspectos tan interesantes como: la autonom\u00eda personal, la [&hellip;]<\/p>\n","protected":false},"author":1,"featured_media":327,"comment_status":"closed","ping_status":"open","sticky":false,"template":"","format":"standard","meta":{"_monsterinsights_skip_tracking":false,"_monsterinsights_sitenote_active":false,"_monsterinsights_sitenote_note":"","_monsterinsights_sitenote_category":0,"footnotes":""},"categories":[9],"tags":[],"class_list":["post-137","post","type-post","status-publish","format-standard","has-post-thumbnail","hentry","category-paginas-de-interes"],"_links":{"self":[{"href":"http:\/\/www.aite-extremadura.org\/blog\/wp-json\/wp\/v2\/posts\/137","targetHints":{"allow":["GET"]}}],"collection":[{"href":"http:\/\/www.aite-extremadura.org\/blog\/wp-json\/wp\/v2\/posts"}],"about":[{"href":"http:\/\/www.aite-extremadura.org\/blog\/wp-json\/wp\/v2\/types\/post"}],"author":[{"embeddable":true,"href":"http:\/\/www.aite-extremadura.org\/blog\/wp-json\/wp\/v2\/users\/1"}],"replies":[{"embeddable":true,"href":"http:\/\/www.aite-extremadura.org\/blog\/wp-json\/wp\/v2\/comments?post=137"}],"version-history":[{"count":1,"href":"http:\/\/www.aite-extremadura.org\/blog\/wp-json\/wp\/v2\/posts\/137\/revisions"}],"predecessor-version":[{"id":530,"href":"http:\/\/www.aite-extremadura.org\/blog\/wp-json\/wp\/v2\/posts\/137\/revisions\/530"}],"wp:featuredmedia":[{"embeddable":true,"href":"http:\/\/www.aite-extremadura.org\/blog\/wp-json\/wp\/v2\/media\/327"}],"wp:attachment":[{"href":"http:\/\/www.aite-extremadura.org\/blog\/wp-json\/wp\/v2\/media?parent=137"}],"wp:term":[{"taxonomy":"category","embeddable":true,"href":"http:\/\/www.aite-extremadura.org\/blog\/wp-json\/wp\/v2\/categories?post=137"},{"taxonomy":"post_tag","embeddable":true,"href":"http:\/\/www.aite-extremadura.org\/blog\/wp-json\/wp\/v2\/tags?post=137"}],"curies":[{"name":"wp","href":"https:\/\/api.w.org\/{rel}","templated":true}]}}