{"id":136,"date":"2010-09-15T09:40:00","date_gmt":"2010-09-15T09:40:00","guid":{"rendered":"http:\/\/www.aite-extremadura.org\/blog\/?p=136"},"modified":"2018-05-09T23:39:13","modified_gmt":"2018-05-09T22:39:13","slug":"blog-de-terapia-ocupacional-psicomotricidad-atencion-temprana-y-promocion-de-la-autonomia","status":"publish","type":"post","link":"http:\/\/www.aite-extremadura.org\/blog\/blog-de-terapia-ocupacional-psicomotricidad-atencion-temprana-y-promocion-de-la-autonomia\/","title":{"rendered":"Blog de Terapia Ocupacional, Psicomotricidad, Atenci\u00f3n Temprana y Promoci\u00f3n de la Autonom\u00eda"},"content":{"rendered":"<p><a href=\"http:\/\/www.aite-extremadura.org\/blog\/wp-content\/uploads\/2010\/09\/blogger21.jpg\"><img decoding=\"async\" style=\"float:left; margin:0 10px 10px 0;cursor:pointer; cursor:hand;width: 200px; height: 200px;\" src=\"http:\/\/www.aite-extremadura.org\/blog\/wp-content\/uploads\/2010\/09\/blogger21-300x300.jpg\" border=\"0\" alt=\"\"id=\"BLOGGER_PHOTO_ID_5517075735857346482\" \/><\/a><br \/>Os dejamos el enlace al Blog <em>\u00abTerapia Ocupacional,Psicomotricidad, Atenci\u00f3n Temprana y Promoci\u00f3n de la Autonom\u00eda\u00bb<\/em> que ha creado nuestra compa\u00f1era Sabina Barrios. Es muy interesante, es por ello que debemos darle difusi\u00f3n entre todos. Desde aqu\u00ed le damos la enhorabuena y le animamos a que siga trabajando en \u00e9l. Aqu\u00ed ten\u00e9is el <a href=\"http:\/\/toypsicomotricidad.blogspot.com\/\">enlace<\/a>.<\/p>\n","protected":false},"excerpt":{"rendered":"<p>Os dejamos el enlace al Blog \u00abTerapia Ocupacional,Psicomotricidad, Atenci\u00f3n Temprana y Promoci\u00f3n de la Autonom\u00eda\u00bb que ha creado nuestra compa\u00f1era Sabina Barrios. Es muy interesante, es por ello que debemos darle difusi\u00f3n entre todos. Desde aqu\u00ed le damos la enhorabuena y le animamos a que siga trabajando en \u00e9l. Aqu\u00ed ten\u00e9is el enlace.<\/p>\n","protected":false},"author":1,"featured_media":326,"comment_status":"closed","ping_status":"open","sticky":false,"template":"","format":"standard","meta":{"_monsterinsights_skip_tracking":false,"_monsterinsights_sitenote_active":false,"_monsterinsights_sitenote_note":"","_monsterinsights_sitenote_category":0,"footnotes":""},"categories":[9],"tags":[],"class_list":["post-136","post","type-post","status-publish","format-standard","has-post-thumbnail","hentry","category-paginas-de-interes"],"_links":{"self":[{"href":"http:\/\/www.aite-extremadura.org\/blog\/wp-json\/wp\/v2\/posts\/136","targetHints":{"allow":["GET"]}}],"collection":[{"href":"http:\/\/www.aite-extremadura.org\/blog\/wp-json\/wp\/v2\/posts"}],"about":[{"href":"http:\/\/www.aite-extremadura.org\/blog\/wp-json\/wp\/v2\/types\/post"}],"author":[{"embeddable":true,"href":"http:\/\/www.aite-extremadura.org\/blog\/wp-json\/wp\/v2\/users\/1"}],"replies":[{"embeddable":true,"href":"http:\/\/www.aite-extremadura.org\/blog\/wp-json\/wp\/v2\/comments?post=136"}],"version-history":[{"count":1,"href":"http:\/\/www.aite-extremadura.org\/blog\/wp-json\/wp\/v2\/posts\/136\/revisions"}],"predecessor-version":[{"id":529,"href":"http:\/\/www.aite-extremadura.org\/blog\/wp-json\/wp\/v2\/posts\/136\/revisions\/529"}],"wp:featuredmedia":[{"embeddable":true,"href":"http:\/\/www.aite-extremadura.org\/blog\/wp-json\/wp\/v2\/media\/326"}],"wp:attachment":[{"href":"http:\/\/www.aite-extremadura.org\/blog\/wp-json\/wp\/v2\/media?parent=136"}],"wp:term":[{"taxonomy":"category","embeddable":true,"href":"http:\/\/www.aite-extremadura.org\/blog\/wp-json\/wp\/v2\/categories?post=136"},{"taxonomy":"post_tag","embeddable":true,"href":"http:\/\/www.aite-extremadura.org\/blog\/wp-json\/wp\/v2\/tags?post=136"}],"curies":[{"name":"wp","href":"https:\/\/api.w.org\/{rel}","templated":true}]}}