{"id":135,"date":"2010-09-15T10:16:00","date_gmt":"2010-09-15T10:16:00","guid":{"rendered":"http:\/\/www.aite-extremadura.org\/blog\/?p=135"},"modified":"2018-05-09T23:39:13","modified_gmt":"2018-05-09T22:39:13","slug":"jornadas-de-formacion-para-socios-de-aite","status":"publish","type":"post","link":"http:\/\/www.aite-extremadura.org\/blog\/jornadas-de-formacion-para-socios-de-aite\/","title":{"rendered":"Jornadas de formaci\u00f3n para socios de AITE"},"content":{"rendered":"<p><a href=\"http:\/\/www.aite-extremadura.org\/blog\/wp-content\/uploads\/2010\/09\/bebe-de-5-meses-jugando.jpg\"><img decoding=\"async\" style=\"display:block; margin:0px auto 10px; text-align:center;cursor:pointer; cursor:hand;width: 200px; height: 134px;\" src=\"http:\/\/www.aite-extremadura.org\/blog\/wp-content\/uploads\/2010\/09\/bebe-de-5-meses-jugando-300x200.jpg\" border=\"0\" alt=\"\"id=\"BLOGGER_PHOTO_ID_5517083732317962002\" \/><\/a><br \/>Este a\u00f1o celebramos las Jornadas para socios de AITE en la Casa de la Cultura de Olivenza, el d\u00eda 23 de Junio. Contaremos con la presencia de Sonsoles Perpi\u00f1\u00e1n y de M\u00aa Gracia Mill\u00e1, reconocidas profesionales del campo de la Atenci\u00f3n Temprana en Espa\u00f1a, que impartir\u00e1n dos charlas de Familia y Juego respectivamente. <br \/>Tambi\u00e9n se tres talleres: Juego y juguetes en Atenci\u00f3n Temprana, Estrategias para el trabajo con familias y Fisioterapia l\u00fadica en Atenci\u00f3n Temprana. <br \/>Aprovecharemos este d\u00eda para presentar la <em>Gu\u00eda del Desarrollo Infantil desde el nacimiento hasta los 6 a\u00f1os<\/em> , elaborada por el GAT y editada por el Real Patronato. <br \/>Recordamos que es una Jornada cerrada, por lo tanto estar\u00e1 dirigida s\u00f3lo a socios de AITE.<\/p>\n","protected":false},"excerpt":{"rendered":"<p>Este a\u00f1o celebramos las Jornadas para socios de AITE en la Casa de la Cultura de Olivenza, el d\u00eda 23 de Junio. Contaremos con la presencia de Sonsoles Perpi\u00f1\u00e1n y de M\u00aa Gracia Mill\u00e1, reconocidas profesionales del campo de la Atenci\u00f3n Temprana en Espa\u00f1a, que impartir\u00e1n dos charlas de Familia y Juego respectivamente. Tambi\u00e9n se [&hellip;]<\/p>\n","protected":false},"author":1,"featured_media":325,"comment_status":"closed","ping_status":"open","sticky":false,"template":"","format":"standard","meta":{"_monsterinsights_skip_tracking":false,"_monsterinsights_sitenote_active":false,"_monsterinsights_sitenote_note":"","_monsterinsights_sitenote_category":0,"footnotes":""},"categories":[6],"tags":[],"class_list":["post-135","post","type-post","status-publish","format-standard","has-post-thumbnail","hentry","category-jornadas"],"_links":{"self":[{"href":"http:\/\/www.aite-extremadura.org\/blog\/wp-json\/wp\/v2\/posts\/135","targetHints":{"allow":["GET"]}}],"collection":[{"href":"http:\/\/www.aite-extremadura.org\/blog\/wp-json\/wp\/v2\/posts"}],"about":[{"href":"http:\/\/www.aite-extremadura.org\/blog\/wp-json\/wp\/v2\/types\/post"}],"author":[{"embeddable":true,"href":"http:\/\/www.aite-extremadura.org\/blog\/wp-json\/wp\/v2\/users\/1"}],"replies":[{"embeddable":true,"href":"http:\/\/www.aite-extremadura.org\/blog\/wp-json\/wp\/v2\/comments?post=135"}],"version-history":[{"count":1,"href":"http:\/\/www.aite-extremadura.org\/blog\/wp-json\/wp\/v2\/posts\/135\/revisions"}],"predecessor-version":[{"id":528,"href":"http:\/\/www.aite-extremadura.org\/blog\/wp-json\/wp\/v2\/posts\/135\/revisions\/528"}],"wp:featuredmedia":[{"embeddable":true,"href":"http:\/\/www.aite-extremadura.org\/blog\/wp-json\/wp\/v2\/media\/325"}],"wp:attachment":[{"href":"http:\/\/www.aite-extremadura.org\/blog\/wp-json\/wp\/v2\/media?parent=135"}],"wp:term":[{"taxonomy":"category","embeddable":true,"href":"http:\/\/www.aite-extremadura.org\/blog\/wp-json\/wp\/v2\/categories?post=135"},{"taxonomy":"post_tag","embeddable":true,"href":"http:\/\/www.aite-extremadura.org\/blog\/wp-json\/wp\/v2\/tags?post=135"}],"curies":[{"name":"wp","href":"https:\/\/api.w.org\/{rel}","templated":true}]}}