{"id":132,"date":"2010-09-23T19:19:00","date_gmt":"2010-09-23T19:19:00","guid":{"rendered":"http:\/\/www.aite-extremadura.org\/blog\/?p=132"},"modified":"2018-05-09T23:39:12","modified_gmt":"2018-05-09T22:39:12","slug":"pagina-del-creena","status":"publish","type":"post","link":"http:\/\/www.aite-extremadura.org\/blog\/pagina-del-creena\/","title":{"rendered":"P\u00e1gina del CREENA"},"content":{"rendered":"<div style=\"clear: both; text-align: center;\"><a href=\"http:\/\/www.aite-extremadura.org\/blog\/wp-content\/uploads\/2010\/09\/fotocreena.gif\" style=\"margin-left: 1em; margin-right: 1em;\"><img decoding=\"async\" border=\"0\" px=\"true\" src=\"http:\/\/www.aite-extremadura.org\/blog\/wp-content\/uploads\/2010\/09\/fotocreena-300x30.gif\" \/><\/a><\/div>\n<p>Esta es una p\u00e1gina que ya conoc\u00edamos, pero a\u00fan no la hab\u00edamos colgado en nuestro blog. Tiene infinidad de recursos, y os dejamos hoy el enlace a una parte donde os pod\u00e9is descargar libros en pdf. Merece la pena echarle un vistazo. Esperamos, como siempre, que os sea \u00fatil. <a href=\"http:\/\/centros.educacion.navarra.es\/creena\/003Documentacion\/descargar.html\">P\u00c1GINA DEL CREENA<\/a>.<\/p>\n","protected":false},"excerpt":{"rendered":"<p>Esta es una p\u00e1gina que ya conoc\u00edamos, pero a\u00fan no la hab\u00edamos colgado en nuestro blog. Tiene infinidad de recursos, y os dejamos hoy el enlace a una parte donde os pod\u00e9is descargar libros en pdf. Merece la pena echarle un vistazo. Esperamos, como siempre, que os sea \u00fatil. P\u00c1GINA DEL CREENA.<\/p>\n","protected":false},"author":1,"featured_media":322,"comment_status":"closed","ping_status":"open","sticky":false,"template":"","format":"standard","meta":{"_monsterinsights_skip_tracking":false,"_monsterinsights_sitenote_active":false,"_monsterinsights_sitenote_note":"","_monsterinsights_sitenote_category":0,"footnotes":""},"categories":[9],"tags":[],"class_list":["post-132","post","type-post","status-publish","format-standard","has-post-thumbnail","hentry","category-paginas-de-interes"],"_links":{"self":[{"href":"http:\/\/www.aite-extremadura.org\/blog\/wp-json\/wp\/v2\/posts\/132","targetHints":{"allow":["GET"]}}],"collection":[{"href":"http:\/\/www.aite-extremadura.org\/blog\/wp-json\/wp\/v2\/posts"}],"about":[{"href":"http:\/\/www.aite-extremadura.org\/blog\/wp-json\/wp\/v2\/types\/post"}],"author":[{"embeddable":true,"href":"http:\/\/www.aite-extremadura.org\/blog\/wp-json\/wp\/v2\/users\/1"}],"replies":[{"embeddable":true,"href":"http:\/\/www.aite-extremadura.org\/blog\/wp-json\/wp\/v2\/comments?post=132"}],"version-history":[{"count":1,"href":"http:\/\/www.aite-extremadura.org\/blog\/wp-json\/wp\/v2\/posts\/132\/revisions"}],"predecessor-version":[{"id":525,"href":"http:\/\/www.aite-extremadura.org\/blog\/wp-json\/wp\/v2\/posts\/132\/revisions\/525"}],"wp:featuredmedia":[{"embeddable":true,"href":"http:\/\/www.aite-extremadura.org\/blog\/wp-json\/wp\/v2\/media\/322"}],"wp:attachment":[{"href":"http:\/\/www.aite-extremadura.org\/blog\/wp-json\/wp\/v2\/media?parent=132"}],"wp:term":[{"taxonomy":"category","embeddable":true,"href":"http:\/\/www.aite-extremadura.org\/blog\/wp-json\/wp\/v2\/categories?post=132"},{"taxonomy":"post_tag","embeddable":true,"href":"http:\/\/www.aite-extremadura.org\/blog\/wp-json\/wp\/v2\/tags?post=132"}],"curies":[{"name":"wp","href":"https:\/\/api.w.org\/{rel}","templated":true}]}}