{"id":131,"date":"2010-09-26T23:04:00","date_gmt":"2010-09-26T23:04:00","guid":{"rendered":"http:\/\/www.aite-extremadura.org\/blog\/?p=131"},"modified":"2018-05-09T23:39:12","modified_gmt":"2018-05-09T22:39:12","slug":"blog-atencion-temprana","status":"publish","type":"post","link":"http:\/\/www.aite-extremadura.org\/blog\/blog-atencion-temprana\/","title":{"rendered":"Blog Atenci\u00f3n Temprana"},"content":{"rendered":"<div style=\"clear: both; text-align: center;\"><a href=\"http:\/\/www.aite-extremadura.org\/blog\/wp-content\/uploads\/2010\/09\/41799_132156183489450_179_n.jpg\" style=\"margin-left: 1em; margin-right: 1em;\"><img decoding=\"async\" border=\"0\" px=\"true\" src=\"http:\/\/www.aite-extremadura.org\/blog\/wp-content\/uploads\/2010\/09\/41799_132156183489450_179_n.jpg\" \/><\/a><\/div>\n<p>Hoy nos unimos a un nuevo blog, el&nbsp;<a href=\"http:\/\/blogatenciontemprana.blogspot.com\/\">BLOG ATENCI\u00d3N TEMPRANA<\/a>, que nos ofrece informaci\u00f3n muy interesante y que seguro que os gustar\u00e1. Os dejamos su enlace y adem\u00e1s lo a\u00f1adimos a nuestra lista. Esperamos que pronto podamos encontrar muchos m\u00e1s blogs referidos al tema de la Atenci\u00f3n Temprana con los que podamos compartir ideas y buen material.<\/p>\n","protected":false},"excerpt":{"rendered":"<p>Hoy nos unimos a un nuevo blog, el&nbsp;BLOG ATENCI\u00d3N TEMPRANA, que nos ofrece informaci\u00f3n muy interesante y que seguro que os gustar\u00e1. Os dejamos su enlace y adem\u00e1s lo a\u00f1adimos a nuestra lista. Esperamos que pronto podamos encontrar muchos m\u00e1s blogs referidos al tema de la Atenci\u00f3n Temprana con los que podamos compartir ideas y [&hellip;]<\/p>\n","protected":false},"author":1,"featured_media":321,"comment_status":"closed","ping_status":"open","sticky":false,"template":"","format":"standard","meta":{"_monsterinsights_skip_tracking":false,"_monsterinsights_sitenote_active":false,"_monsterinsights_sitenote_note":"","_monsterinsights_sitenote_category":0,"footnotes":""},"categories":[9],"tags":[],"class_list":["post-131","post","type-post","status-publish","format-standard","has-post-thumbnail","hentry","category-paginas-de-interes"],"_links":{"self":[{"href":"http:\/\/www.aite-extremadura.org\/blog\/wp-json\/wp\/v2\/posts\/131","targetHints":{"allow":["GET"]}}],"collection":[{"href":"http:\/\/www.aite-extremadura.org\/blog\/wp-json\/wp\/v2\/posts"}],"about":[{"href":"http:\/\/www.aite-extremadura.org\/blog\/wp-json\/wp\/v2\/types\/post"}],"author":[{"embeddable":true,"href":"http:\/\/www.aite-extremadura.org\/blog\/wp-json\/wp\/v2\/users\/1"}],"replies":[{"embeddable":true,"href":"http:\/\/www.aite-extremadura.org\/blog\/wp-json\/wp\/v2\/comments?post=131"}],"version-history":[{"count":1,"href":"http:\/\/www.aite-extremadura.org\/blog\/wp-json\/wp\/v2\/posts\/131\/revisions"}],"predecessor-version":[{"id":524,"href":"http:\/\/www.aite-extremadura.org\/blog\/wp-json\/wp\/v2\/posts\/131\/revisions\/524"}],"wp:featuredmedia":[{"embeddable":true,"href":"http:\/\/www.aite-extremadura.org\/blog\/wp-json\/wp\/v2\/media\/321"}],"wp:attachment":[{"href":"http:\/\/www.aite-extremadura.org\/blog\/wp-json\/wp\/v2\/media?parent=131"}],"wp:term":[{"taxonomy":"category","embeddable":true,"href":"http:\/\/www.aite-extremadura.org\/blog\/wp-json\/wp\/v2\/categories?post=131"},{"taxonomy":"post_tag","embeddable":true,"href":"http:\/\/www.aite-extremadura.org\/blog\/wp-json\/wp\/v2\/tags?post=131"}],"curies":[{"name":"wp","href":"https:\/\/api.w.org\/{rel}","templated":true}]}}