{"id":130,"date":"2010-09-28T08:29:00","date_gmt":"2010-09-28T08:29:00","guid":{"rendered":"http:\/\/www.aite-extremadura.org\/blog\/?p=130"},"modified":"2018-05-09T23:39:12","modified_gmt":"2018-05-09T22:39:12","slug":"el-creer-programa-actividades-sobre-patologias-minoritarias","status":"publish","type":"post","link":"http:\/\/www.aite-extremadura.org\/blog\/el-creer-programa-actividades-sobre-patologias-minoritarias\/","title":{"rendered":"El CREER programa actividades sobre patolog\u00edas minoritarias"},"content":{"rendered":"<p>El Centro de Referencia Estatal de Enfermedades Raras de Burgos (CREER) ha programado para el \u00faltimo trimestre de este a\u00f1o diez actividades vinculadas a patolog\u00edas minoritarias, denominadas \u00abenfermedades raras\u00bb. Una de ellas tiene que ver con la Atenci\u00f3n Temprana:<br \/>Del 22 al 25 de noviembre tendr\u00e1 lugar en el Centro de Enfermedades Raras de Burgos el I \u00abCurso de Atenci\u00f3n Temprana en Enfermedades Raras\u00bb.<\/p>\n<div style=\"clear: both; text-align: center;\"><a href=\"http:\/\/www.aite-extremadura.org\/blog\/wp-content\/uploads\/2010\/09\/logo_creer.gif\" style=\"margin-left: 1em; margin-right: 1em;\"><img decoding=\"async\" border=\"0\" px=\"true\" src=\"http:\/\/www.aite-extremadura.org\/blog\/wp-content\/uploads\/2010\/09\/logo_creer.gif\" \/><\/a><\/div>\n<p>Pod\u00e9is acceder a la noticia desde <a href=\"http:\/\/www.abc.es\/agencias\/noticia.asp?noticia=530887\">aqu\u00ed<\/a>. Tambi\u00e9n pod\u00e9is acceder a la<a href=\"http:\/\/www.imserso.es\/creer_01\/index.htm\"> p\u00e1gina web del CREER<\/a> para m\u00e1s informaci\u00f3n.<\/p>\n","protected":false},"excerpt":{"rendered":"<p>El Centro de Referencia Estatal de Enfermedades Raras de Burgos (CREER) ha programado para el \u00faltimo trimestre de este a\u00f1o diez actividades vinculadas a patolog\u00edas minoritarias, denominadas \u00abenfermedades raras\u00bb. Una de ellas tiene que ver con la Atenci\u00f3n Temprana:Del 22 al 25 de noviembre tendr\u00e1 lugar en el Centro de Enfermedades Raras de Burgos el [&hellip;]<\/p>\n","protected":false},"author":1,"featured_media":320,"comment_status":"closed","ping_status":"open","sticky":false,"template":"","format":"standard","meta":{"_monsterinsights_skip_tracking":false,"_monsterinsights_sitenote_active":false,"_monsterinsights_sitenote_note":"","_monsterinsights_sitenote_category":0,"footnotes":""},"categories":[7],"tags":[],"class_list":["post-130","post","type-post","status-publish","format-standard","has-post-thumbnail","hentry","category-noticias"],"_links":{"self":[{"href":"http:\/\/www.aite-extremadura.org\/blog\/wp-json\/wp\/v2\/posts\/130","targetHints":{"allow":["GET"]}}],"collection":[{"href":"http:\/\/www.aite-extremadura.org\/blog\/wp-json\/wp\/v2\/posts"}],"about":[{"href":"http:\/\/www.aite-extremadura.org\/blog\/wp-json\/wp\/v2\/types\/post"}],"author":[{"embeddable":true,"href":"http:\/\/www.aite-extremadura.org\/blog\/wp-json\/wp\/v2\/users\/1"}],"replies":[{"embeddable":true,"href":"http:\/\/www.aite-extremadura.org\/blog\/wp-json\/wp\/v2\/comments?post=130"}],"version-history":[{"count":1,"href":"http:\/\/www.aite-extremadura.org\/blog\/wp-json\/wp\/v2\/posts\/130\/revisions"}],"predecessor-version":[{"id":523,"href":"http:\/\/www.aite-extremadura.org\/blog\/wp-json\/wp\/v2\/posts\/130\/revisions\/523"}],"wp:featuredmedia":[{"embeddable":true,"href":"http:\/\/www.aite-extremadura.org\/blog\/wp-json\/wp\/v2\/media\/320"}],"wp:attachment":[{"href":"http:\/\/www.aite-extremadura.org\/blog\/wp-json\/wp\/v2\/media?parent=130"}],"wp:term":[{"taxonomy":"category","embeddable":true,"href":"http:\/\/www.aite-extremadura.org\/blog\/wp-json\/wp\/v2\/categories?post=130"},{"taxonomy":"post_tag","embeddable":true,"href":"http:\/\/www.aite-extremadura.org\/blog\/wp-json\/wp\/v2\/tags?post=130"}],"curies":[{"name":"wp","href":"https:\/\/api.w.org\/{rel}","templated":true}]}}