{"id":13,"date":"2012-05-06T16:10:00","date_gmt":"2012-05-06T16:10:00","guid":{"rendered":"http:\/\/www.aite-extremadura.org\/blog\/?p=13"},"modified":"2018-05-09T23:39:08","modified_gmt":"2018-05-09T22:39:08","slug":"i-congreso-de-neuropsicologia-infantil","status":"publish","type":"post","link":"http:\/\/www.aite-extremadura.org\/blog\/i-congreso-de-neuropsicologia-infantil\/","title":{"rendered":"I Congreso de Neuropsicolog\u00eda Infantil"},"content":{"rendered":"<p>En Valencia, los d\u00edas 15 y 16 de Junio de 2012 se celebrar\u00e1 el I Simposio Nacional de Neuropsicolog\u00eda Infantil, organizado por ASENCI. Tendr\u00e1 un car\u00e1cter eminentemente pr\u00e1ctico y cl\u00ednico y tratar\u00e1 sobre la neuropsicolog\u00eda de 0 a 6 a\u00f1os.<\/p>\n<p>Toda la informaci\u00f3n en <a href=\"http:\/\/neuropsicologiainfantil.org\/\">www.neuropsicologiainfantil.org&nbsp;<\/a><\/p>\n<div style=\"clear: both; text-align: center;\"><a href=\"http:\/\/www.aite-extremadura.org\/blog\/wp-content\/uploads\/2012\/05\/jugando_cerebro.png\" style=\"margin-left: 1em; margin-right: 1em;\"><img loading=\"lazy\" decoding=\"async\" border=\"0\" height=\"148\" src=\"http:\/\/www.aite-extremadura.org\/blog\/wp-content\/uploads\/2012\/05\/jugando_cerebro-300x112.png\" width=\"400\" \/><\/a><\/div>\n<p><\/p>\n","protected":false},"excerpt":{"rendered":"<p>En Valencia, los d\u00edas 15 y 16 de Junio de 2012 se celebrar\u00e1 el I Simposio Nacional de Neuropsicolog\u00eda Infantil, organizado por ASENCI. Tendr\u00e1 un car\u00e1cter eminentemente pr\u00e1ctico y cl\u00ednico y tratar\u00e1 sobre la neuropsicolog\u00eda de 0 a 6 a\u00f1os. Toda la informaci\u00f3n en www.neuropsicologiainfantil.org&nbsp;<\/p>\n","protected":false},"author":1,"featured_media":202,"comment_status":"closed","ping_status":"open","sticky":false,"template":"","format":"standard","meta":{"_monsterinsights_skip_tracking":false,"_monsterinsights_sitenote_active":false,"_monsterinsights_sitenote_note":"","_monsterinsights_sitenote_category":0,"footnotes":""},"categories":[5],"tags":[],"class_list":["post-13","post","type-post","status-publish","format-standard","has-post-thumbnail","hentry","category-congresos"],"_links":{"self":[{"href":"http:\/\/www.aite-extremadura.org\/blog\/wp-json\/wp\/v2\/posts\/13","targetHints":{"allow":["GET"]}}],"collection":[{"href":"http:\/\/www.aite-extremadura.org\/blog\/wp-json\/wp\/v2\/posts"}],"about":[{"href":"http:\/\/www.aite-extremadura.org\/blog\/wp-json\/wp\/v2\/types\/post"}],"author":[{"embeddable":true,"href":"http:\/\/www.aite-extremadura.org\/blog\/wp-json\/wp\/v2\/users\/1"}],"replies":[{"embeddable":true,"href":"http:\/\/www.aite-extremadura.org\/blog\/wp-json\/wp\/v2\/comments?post=13"}],"version-history":[{"count":1,"href":"http:\/\/www.aite-extremadura.org\/blog\/wp-json\/wp\/v2\/posts\/13\/revisions"}],"predecessor-version":[{"id":418,"href":"http:\/\/www.aite-extremadura.org\/blog\/wp-json\/wp\/v2\/posts\/13\/revisions\/418"}],"wp:featuredmedia":[{"embeddable":true,"href":"http:\/\/www.aite-extremadura.org\/blog\/wp-json\/wp\/v2\/media\/202"}],"wp:attachment":[{"href":"http:\/\/www.aite-extremadura.org\/blog\/wp-json\/wp\/v2\/media?parent=13"}],"wp:term":[{"taxonomy":"category","embeddable":true,"href":"http:\/\/www.aite-extremadura.org\/blog\/wp-json\/wp\/v2\/categories?post=13"},{"taxonomy":"post_tag","embeddable":true,"href":"http:\/\/www.aite-extremadura.org\/blog\/wp-json\/wp\/v2\/tags?post=13"}],"curies":[{"name":"wp","href":"https:\/\/api.w.org\/{rel}","templated":true}]}}