{"id":129,"date":"2010-09-28T15:52:00","date_gmt":"2010-09-28T15:52:00","guid":{"rendered":"http:\/\/www.aite-extremadura.org\/blog\/?p=129"},"modified":"2018-05-09T23:39:12","modified_gmt":"2018-05-09T22:39:12","slug":"el-cermi-critica-el-retraso-del-plan-de-atencion-a-menores-de-tres-anos-en-situacion-de-dependencia","status":"publish","type":"post","link":"http:\/\/www.aite-extremadura.org\/blog\/el-cermi-critica-el-retraso-del-plan-de-atencion-a-menores-de-tres-anos-en-situacion-de-dependencia\/","title":{"rendered":"El CERMI critica el retraso del plan de atenci\u00f3n a menores de tres a\u00f1os en situaci\u00f3n de dependencia"},"content":{"rendered":"<div style=\"clear: both; text-align: center;\"><a href=\"http:\/\/www.aite-extremadura.org\/blog\/wp-content\/uploads\/2010\/09\/imagennoticia375_0.jpg\" style=\"margin-left: 1em; margin-right: 1em;\"><img loading=\"lazy\" decoding=\"async\" border=\"0\" height=\"170\" px=\"true\" src=\"http:\/\/www.aite-extremadura.org\/blog\/wp-content\/uploads\/2010\/09\/imagennoticia375_0-300x256.jpg\" width=\"200\" \/><\/a><\/div>\n<div style=\"border-bottom: medium none; border-left: medium none; border-right: medium none; border-top: medium none;\">El Comit\u00e9 Espa\u00f1ol de Representantes de Personas con Discapacidad (Cermi) critica que Gobierno y comunidades aut\u00f3nomas no hayan aprobado todav\u00eda el plan de atenci\u00f3n a menores de tres a\u00f1os en situaci\u00f3n de dependencia.<\/div>\n<div style=\"border-bottom: medium none; border-left: medium none; border-right: medium none; border-top: medium none;\">La disposici\u00f3n adicional decimotercera de la Ley de Dependencia ordenaba al Consejo Territorial del Sistema de Autonom\u00eda Personal y Atenci\u00f3n a la Dependencia (SAAD), formado por Ejecutivo central y CCAA, aprobar un plan integral de atenci\u00f3n para los menores de 3 a\u00f1os en situaci\u00f3n de dependencia, recuerda el Cermi. <\/div>\n<p><a href=\"http:\/\/www.genysi.es\/index.php?option=com_content&amp;task=view&amp;id=207&amp;Itemid=44\">VER NOTICIA COMPLETA<\/a><\/p>\n","protected":false},"excerpt":{"rendered":"<p>El Comit\u00e9 Espa\u00f1ol de Representantes de Personas con Discapacidad (Cermi) critica que Gobierno y comunidades aut\u00f3nomas no hayan aprobado todav\u00eda el plan de atenci\u00f3n a menores de tres a\u00f1os en situaci\u00f3n de dependencia. La disposici\u00f3n adicional decimotercera de la Ley de Dependencia ordenaba al Consejo Territorial del Sistema de Autonom\u00eda Personal y Atenci\u00f3n a la [&hellip;]<\/p>\n","protected":false},"author":1,"featured_media":319,"comment_status":"closed","ping_status":"open","sticky":false,"template":"","format":"standard","meta":{"_monsterinsights_skip_tracking":false,"_monsterinsights_sitenote_active":false,"_monsterinsights_sitenote_note":"","_monsterinsights_sitenote_category":0,"footnotes":""},"categories":[7],"tags":[],"class_list":["post-129","post","type-post","status-publish","format-standard","has-post-thumbnail","hentry","category-noticias"],"_links":{"self":[{"href":"http:\/\/www.aite-extremadura.org\/blog\/wp-json\/wp\/v2\/posts\/129","targetHints":{"allow":["GET"]}}],"collection":[{"href":"http:\/\/www.aite-extremadura.org\/blog\/wp-json\/wp\/v2\/posts"}],"about":[{"href":"http:\/\/www.aite-extremadura.org\/blog\/wp-json\/wp\/v2\/types\/post"}],"author":[{"embeddable":true,"href":"http:\/\/www.aite-extremadura.org\/blog\/wp-json\/wp\/v2\/users\/1"}],"replies":[{"embeddable":true,"href":"http:\/\/www.aite-extremadura.org\/blog\/wp-json\/wp\/v2\/comments?post=129"}],"version-history":[{"count":1,"href":"http:\/\/www.aite-extremadura.org\/blog\/wp-json\/wp\/v2\/posts\/129\/revisions"}],"predecessor-version":[{"id":522,"href":"http:\/\/www.aite-extremadura.org\/blog\/wp-json\/wp\/v2\/posts\/129\/revisions\/522"}],"wp:featuredmedia":[{"embeddable":true,"href":"http:\/\/www.aite-extremadura.org\/blog\/wp-json\/wp\/v2\/media\/319"}],"wp:attachment":[{"href":"http:\/\/www.aite-extremadura.org\/blog\/wp-json\/wp\/v2\/media?parent=129"}],"wp:term":[{"taxonomy":"category","embeddable":true,"href":"http:\/\/www.aite-extremadura.org\/blog\/wp-json\/wp\/v2\/categories?post=129"},{"taxonomy":"post_tag","embeddable":true,"href":"http:\/\/www.aite-extremadura.org\/blog\/wp-json\/wp\/v2\/tags?post=129"}],"curies":[{"name":"wp","href":"https:\/\/api.w.org\/{rel}","templated":true}]}}