{"id":127,"date":"2010-09-30T11:46:00","date_gmt":"2010-09-30T11:46:00","guid":{"rendered":"http:\/\/www.aite-extremadura.org\/blog\/?p=127"},"modified":"2018-05-09T23:39:12","modified_gmt":"2018-05-09T22:39:12","slug":"iii-jornadas-interdisciplinares-de-atencion-temprana-palma-de-mallorca","status":"publish","type":"post","link":"http:\/\/www.aite-extremadura.org\/blog\/iii-jornadas-interdisciplinares-de-atencion-temprana-palma-de-mallorca\/","title":{"rendered":"III JORNADAS INTERDISCIPLINARES DE ATENCI\u00d3N TEMPRANA. PALMA DE MALLORCA"},"content":{"rendered":"<div style=\"clear: both; text-align: center;\"><a href=\"http:\/\/www.aite-extremadura.org\/blog\/wp-content\/uploads\/2010\/09\/logotipogat.jpg\" style=\"margin-left: 1em; margin-right: 1em;\"><img decoding=\"async\" border=\"0\" px=\"true\" src=\"http:\/\/www.aite-extremadura.org\/blog\/wp-content\/uploads\/2010\/09\/logotipogat.jpg\" \/><\/a><\/div>\n<p>Los pr\u00f3ximos d\u00edas 25 y 26 de noviembre, Palma ser\u00e1 la sede de las Jornadas Nacionales de Atenci\u00f3n Temprana. El programa que elabora el GAT ir\u00e1 orientado hacia las \u201cBuenas Pr\u00e1cticas En Atenci\u00f3n Temprana\u201d. <br \/>Os hemos enviado un pre-programa al correo electr\u00f3nico. Cuando est\u00e9 el programa definitivo lo colgaremos para que pod\u00e1is acceder a \u00e9l. Os dejamos el enlace a la p\u00e1gina de la <a href=\"http:\/\/www.abap.cat\/\">Asociaci\u00f3n Balear de Atenci\u00f3n Temprana (ABAP)<\/a> donde ya est\u00e1 el bolet\u00edn de inscripci\u00f3n.<\/p>\n","protected":false},"excerpt":{"rendered":"<p>Los pr\u00f3ximos d\u00edas 25 y 26 de noviembre, Palma ser\u00e1 la sede de las Jornadas Nacionales de Atenci\u00f3n Temprana. El programa que elabora el GAT ir\u00e1 orientado hacia las \u201cBuenas Pr\u00e1cticas En Atenci\u00f3n Temprana\u201d. Os hemos enviado un pre-programa al correo electr\u00f3nico. Cuando est\u00e9 el programa definitivo lo colgaremos para que pod\u00e1is acceder a \u00e9l. [&hellip;]<\/p>\n","protected":false},"author":1,"featured_media":318,"comment_status":"closed","ping_status":"open","sticky":false,"template":"","format":"standard","meta":{"_monsterinsights_skip_tracking":false,"_monsterinsights_sitenote_active":false,"_monsterinsights_sitenote_note":"","_monsterinsights_sitenote_category":0,"footnotes":""},"categories":[6],"tags":[],"class_list":["post-127","post","type-post","status-publish","format-standard","has-post-thumbnail","hentry","category-jornadas"],"_links":{"self":[{"href":"http:\/\/www.aite-extremadura.org\/blog\/wp-json\/wp\/v2\/posts\/127","targetHints":{"allow":["GET"]}}],"collection":[{"href":"http:\/\/www.aite-extremadura.org\/blog\/wp-json\/wp\/v2\/posts"}],"about":[{"href":"http:\/\/www.aite-extremadura.org\/blog\/wp-json\/wp\/v2\/types\/post"}],"author":[{"embeddable":true,"href":"http:\/\/www.aite-extremadura.org\/blog\/wp-json\/wp\/v2\/users\/1"}],"replies":[{"embeddable":true,"href":"http:\/\/www.aite-extremadura.org\/blog\/wp-json\/wp\/v2\/comments?post=127"}],"version-history":[{"count":1,"href":"http:\/\/www.aite-extremadura.org\/blog\/wp-json\/wp\/v2\/posts\/127\/revisions"}],"predecessor-version":[{"id":520,"href":"http:\/\/www.aite-extremadura.org\/blog\/wp-json\/wp\/v2\/posts\/127\/revisions\/520"}],"wp:featuredmedia":[{"embeddable":true,"href":"http:\/\/www.aite-extremadura.org\/blog\/wp-json\/wp\/v2\/media\/318"}],"wp:attachment":[{"href":"http:\/\/www.aite-extremadura.org\/blog\/wp-json\/wp\/v2\/media?parent=127"}],"wp:term":[{"taxonomy":"category","embeddable":true,"href":"http:\/\/www.aite-extremadura.org\/blog\/wp-json\/wp\/v2\/categories?post=127"},{"taxonomy":"post_tag","embeddable":true,"href":"http:\/\/www.aite-extremadura.org\/blog\/wp-json\/wp\/v2\/tags?post=127"}],"curies":[{"name":"wp","href":"https:\/\/api.w.org\/{rel}","templated":true}]}}