{"id":126,"date":"2010-09-30T11:55:00","date_gmt":"2010-09-30T11:55:00","guid":{"rendered":"http:\/\/www.aite-extremadura.org\/blog\/?p=126"},"modified":"2018-05-09T23:39:12","modified_gmt":"2018-05-09T22:39:12","slug":"ii-congreso-nacional-de-trabajo-social-socio-sanitario-y-hospitalario-merida","status":"publish","type":"post","link":"http:\/\/www.aite-extremadura.org\/blog\/ii-congreso-nacional-de-trabajo-social-socio-sanitario-y-hospitalario-merida\/","title":{"rendered":"II Congreso Nacional de Trabajo Social, Socio-Sanitario y Hospitalario. M\u00e9rida."},"content":{"rendered":"<div style=\"clear: both; text-align: center;\"><a href=\"http:\/\/www.aite-extremadura.org\/blog\/wp-content\/uploads\/2010\/09\/avance_frontalweb2.jpg\" style=\"margin-left: 1em; margin-right: 1em;\"><img loading=\"lazy\" decoding=\"async\" border=\"0\" height=\"226\" px=\"true\" src=\"http:\/\/www.aite-extremadura.org\/blog\/wp-content\/uploads\/2010\/09\/avance_frontalweb2-300x212.jpg\" width=\"320\" \/><\/a><\/div>\n<p>Los d\u00edas 20, 21 y 22 de Octubre se celebrar\u00e1 en M\u00e9rida (Badajoz) el&nbsp;II Congreso Nacional Trabajo Social Socio-sanitario y Hospitalario. Aqu\u00ed ten\u00e9is el enlace a la p\u00e1gina web donde podr\u00e9is encontrar toda la informaci\u00f3n. <a href=\"http:\/\/www.alzyra.es\/econgreso\/?q=congresos\/view\/23\">P\u00c1GINA WEB DEL CONGRESO.<\/a><\/p>\n","protected":false},"excerpt":{"rendered":"<p>Los d\u00edas 20, 21 y 22 de Octubre se celebrar\u00e1 en M\u00e9rida (Badajoz) el&nbsp;II Congreso Nacional Trabajo Social Socio-sanitario y Hospitalario. Aqu\u00ed ten\u00e9is el enlace a la p\u00e1gina web donde podr\u00e9is encontrar toda la informaci\u00f3n. P\u00c1GINA WEB DEL CONGRESO.<\/p>\n","protected":false},"author":1,"featured_media":317,"comment_status":"closed","ping_status":"open","sticky":false,"template":"","format":"standard","meta":{"_monsterinsights_skip_tracking":false,"_monsterinsights_sitenote_active":false,"_monsterinsights_sitenote_note":"","_monsterinsights_sitenote_category":0,"footnotes":""},"categories":[5],"tags":[],"class_list":["post-126","post","type-post","status-publish","format-standard","has-post-thumbnail","hentry","category-congresos"],"_links":{"self":[{"href":"http:\/\/www.aite-extremadura.org\/blog\/wp-json\/wp\/v2\/posts\/126","targetHints":{"allow":["GET"]}}],"collection":[{"href":"http:\/\/www.aite-extremadura.org\/blog\/wp-json\/wp\/v2\/posts"}],"about":[{"href":"http:\/\/www.aite-extremadura.org\/blog\/wp-json\/wp\/v2\/types\/post"}],"author":[{"embeddable":true,"href":"http:\/\/www.aite-extremadura.org\/blog\/wp-json\/wp\/v2\/users\/1"}],"replies":[{"embeddable":true,"href":"http:\/\/www.aite-extremadura.org\/blog\/wp-json\/wp\/v2\/comments?post=126"}],"version-history":[{"count":1,"href":"http:\/\/www.aite-extremadura.org\/blog\/wp-json\/wp\/v2\/posts\/126\/revisions"}],"predecessor-version":[{"id":519,"href":"http:\/\/www.aite-extremadura.org\/blog\/wp-json\/wp\/v2\/posts\/126\/revisions\/519"}],"wp:featuredmedia":[{"embeddable":true,"href":"http:\/\/www.aite-extremadura.org\/blog\/wp-json\/wp\/v2\/media\/317"}],"wp:attachment":[{"href":"http:\/\/www.aite-extremadura.org\/blog\/wp-json\/wp\/v2\/media?parent=126"}],"wp:term":[{"taxonomy":"category","embeddable":true,"href":"http:\/\/www.aite-extremadura.org\/blog\/wp-json\/wp\/v2\/categories?post=126"},{"taxonomy":"post_tag","embeddable":true,"href":"http:\/\/www.aite-extremadura.org\/blog\/wp-json\/wp\/v2\/tags?post=126"}],"curies":[{"name":"wp","href":"https:\/\/api.w.org\/{rel}","templated":true}]}}