{"id":125,"date":"2010-10-06T14:04:00","date_gmt":"2010-10-06T14:04:00","guid":{"rendered":"http:\/\/www.aite-extremadura.org\/blog\/?p=125"},"modified":"2018-05-09T23:39:12","modified_gmt":"2018-05-09T22:39:12","slug":"iv-congreso-internacional-sobre-acondroplasia-idi","status":"publish","type":"post","link":"http:\/\/www.aite-extremadura.org\/blog\/iv-congreso-internacional-sobre-acondroplasia-idi\/","title":{"rendered":"IV Congreso Internacional sobre Acondroplasia I+D+I"},"content":{"rendered":"<p>Los pr\u00f3ximos d\u00edas 9, 10 y 11 de Octubre se celebrar\u00e1 en Gij\u00f3n el IV Congreso Internacional sobre Acondroplasia, Innovaci\u00f3n, Desarrollo e Investigaci\u00f3n, organizado por la FUNDACI\u00d3N ALPE Acondroplasia. <br \/>En este congreso se reunir\u00e1n profesionales, familiares y afectados para compartir y difundir las novedades en investigaci\u00f3n, educaci\u00f3n y pol\u00edticas sociales en torno a esta discapacidad. <\/p>\n<div style=\"clear: both; text-align: center;\"><a href=\"http:\/\/www.aite-extremadura.org\/blog\/wp-content\/uploads\/2010\/10\/cartelalpe1.jpg\" style=\"margin-left: 1em; margin-right: 1em;\"><img loading=\"lazy\" decoding=\"async\" border=\"0\" height=\"320\" px=\"true\" src=\"http:\/\/www.aite-extremadura.org\/blog\/wp-content\/uploads\/2010\/10\/cartelalpe1-197x300.jpg\" width=\"209\" \/><\/a><\/div>\n<p>Os dejamos el enlace a la p\u00e1gina web de la <a href=\"http:\/\/www.fundacionalpe.org\/programa.php\">Fundaci\u00f3n ALPE<\/a>, donde pod\u00e9is encontrar toda la informaci\u00f3n. Y desde este <a href=\"http:\/\/www.fundacionalpe.org\/noticia.php?idNoticia=188\">enlace <\/a>podr\u00e9is descargaros la ficha de inscripci\u00f3n.<\/p>\n","protected":false},"excerpt":{"rendered":"<p>Los pr\u00f3ximos d\u00edas 9, 10 y 11 de Octubre se celebrar\u00e1 en Gij\u00f3n el IV Congreso Internacional sobre Acondroplasia, Innovaci\u00f3n, Desarrollo e Investigaci\u00f3n, organizado por la FUNDACI\u00d3N ALPE Acondroplasia. En este congreso se reunir\u00e1n profesionales, familiares y afectados para compartir y difundir las novedades en investigaci\u00f3n, educaci\u00f3n y pol\u00edticas sociales en torno a esta discapacidad. [&hellip;]<\/p>\n","protected":false},"author":1,"featured_media":316,"comment_status":"closed","ping_status":"open","sticky":false,"template":"","format":"standard","meta":{"_monsterinsights_skip_tracking":false,"_monsterinsights_sitenote_active":false,"_monsterinsights_sitenote_note":"","_monsterinsights_sitenote_category":0,"footnotes":""},"categories":[5],"tags":[],"class_list":["post-125","post","type-post","status-publish","format-standard","has-post-thumbnail","hentry","category-congresos"],"_links":{"self":[{"href":"http:\/\/www.aite-extremadura.org\/blog\/wp-json\/wp\/v2\/posts\/125","targetHints":{"allow":["GET"]}}],"collection":[{"href":"http:\/\/www.aite-extremadura.org\/blog\/wp-json\/wp\/v2\/posts"}],"about":[{"href":"http:\/\/www.aite-extremadura.org\/blog\/wp-json\/wp\/v2\/types\/post"}],"author":[{"embeddable":true,"href":"http:\/\/www.aite-extremadura.org\/blog\/wp-json\/wp\/v2\/users\/1"}],"replies":[{"embeddable":true,"href":"http:\/\/www.aite-extremadura.org\/blog\/wp-json\/wp\/v2\/comments?post=125"}],"version-history":[{"count":1,"href":"http:\/\/www.aite-extremadura.org\/blog\/wp-json\/wp\/v2\/posts\/125\/revisions"}],"predecessor-version":[{"id":518,"href":"http:\/\/www.aite-extremadura.org\/blog\/wp-json\/wp\/v2\/posts\/125\/revisions\/518"}],"wp:featuredmedia":[{"embeddable":true,"href":"http:\/\/www.aite-extremadura.org\/blog\/wp-json\/wp\/v2\/media\/316"}],"wp:attachment":[{"href":"http:\/\/www.aite-extremadura.org\/blog\/wp-json\/wp\/v2\/media?parent=125"}],"wp:term":[{"taxonomy":"category","embeddable":true,"href":"http:\/\/www.aite-extremadura.org\/blog\/wp-json\/wp\/v2\/categories?post=125"},{"taxonomy":"post_tag","embeddable":true,"href":"http:\/\/www.aite-extremadura.org\/blog\/wp-json\/wp\/v2\/tags?post=125"}],"curies":[{"name":"wp","href":"https:\/\/api.w.org\/{rel}","templated":true}]}}