{"id":122,"date":"2010-10-13T18:11:00","date_gmt":"2010-10-13T18:11:00","guid":{"rendered":"http:\/\/www.aite-extremadura.org\/blog\/?p=122"},"modified":"2018-05-09T23:39:12","modified_gmt":"2018-05-09T22:39:12","slug":"informacion-sobre-las-iii-jornadas-interdisciplinares-de-atencion-temprana","status":"publish","type":"post","link":"http:\/\/www.aite-extremadura.org\/blog\/informacion-sobre-las-iii-jornadas-interdisciplinares-de-atencion-temprana\/","title":{"rendered":"Informaci\u00f3n sobre las III Jornadas Interdisciplinares de Atenci\u00f3n Temprana"},"content":{"rendered":"<div style=\"clear: both; text-align: center;\"><\/div>\n<div style=\"clear: both; text-align: center;\"><a href=\"http:\/\/www.aite-extremadura.org\/blog\/wp-content\/uploads\/2010\/10\/poster_Gat_A3.jpg\" style=\"margin-left: 1em; margin-right: 1em;\"><img loading=\"lazy\" decoding=\"async\" border=\"0\" ex=\"true\" height=\"320\" src=\"http:\/\/www.aite-extremadura.org\/blog\/wp-content\/uploads\/2010\/10\/poster_Gat_A3-216x300.jpg\" width=\"230\" \/><\/a><\/div>\n<p>Ya est\u00e1 colgado en la p\u00e1gina web de la ABAP el tr\u00edptico definitivo de las III Jornadas Interdisciplinares de Atenci\u00f3n Temprana que se celebrar\u00e1n en Palma de Mallorca los d\u00edas 25 y 26 de Noviembre. Os dejamos de nuevo el enlace para que veais el tr\u00edptico y pod\u00e1is inscribiros de forma gratuita. <a href=\"http:\/\/www.abap.cat\/\">P\u00c1GINA WEB DE LA ABAP<\/a><\/p>\n","protected":false},"excerpt":{"rendered":"<p>Ya est\u00e1 colgado en la p\u00e1gina web de la ABAP el tr\u00edptico definitivo de las III Jornadas Interdisciplinares de Atenci\u00f3n Temprana que se celebrar\u00e1n en Palma de Mallorca los d\u00edas 25 y 26 de Noviembre. Os dejamos de nuevo el enlace para que veais el tr\u00edptico y pod\u00e1is inscribiros de forma gratuita. P\u00c1GINA WEB DE [&hellip;]<\/p>\n","protected":false},"author":1,"featured_media":315,"comment_status":"closed","ping_status":"open","sticky":false,"template":"","format":"standard","meta":{"_monsterinsights_skip_tracking":false,"_monsterinsights_sitenote_active":false,"_monsterinsights_sitenote_note":"","_monsterinsights_sitenote_category":0,"footnotes":""},"categories":[6,7],"tags":[],"class_list":["post-122","post","type-post","status-publish","format-standard","has-post-thumbnail","hentry","category-jornadas","category-noticias"],"_links":{"self":[{"href":"http:\/\/www.aite-extremadura.org\/blog\/wp-json\/wp\/v2\/posts\/122","targetHints":{"allow":["GET"]}}],"collection":[{"href":"http:\/\/www.aite-extremadura.org\/blog\/wp-json\/wp\/v2\/posts"}],"about":[{"href":"http:\/\/www.aite-extremadura.org\/blog\/wp-json\/wp\/v2\/types\/post"}],"author":[{"embeddable":true,"href":"http:\/\/www.aite-extremadura.org\/blog\/wp-json\/wp\/v2\/users\/1"}],"replies":[{"embeddable":true,"href":"http:\/\/www.aite-extremadura.org\/blog\/wp-json\/wp\/v2\/comments?post=122"}],"version-history":[{"count":1,"href":"http:\/\/www.aite-extremadura.org\/blog\/wp-json\/wp\/v2\/posts\/122\/revisions"}],"predecessor-version":[{"id":517,"href":"http:\/\/www.aite-extremadura.org\/blog\/wp-json\/wp\/v2\/posts\/122\/revisions\/517"}],"wp:featuredmedia":[{"embeddable":true,"href":"http:\/\/www.aite-extremadura.org\/blog\/wp-json\/wp\/v2\/media\/315"}],"wp:attachment":[{"href":"http:\/\/www.aite-extremadura.org\/blog\/wp-json\/wp\/v2\/media?parent=122"}],"wp:term":[{"taxonomy":"category","embeddable":true,"href":"http:\/\/www.aite-extremadura.org\/blog\/wp-json\/wp\/v2\/categories?post=122"},{"taxonomy":"post_tag","embeddable":true,"href":"http:\/\/www.aite-extremadura.org\/blog\/wp-json\/wp\/v2\/tags?post=122"}],"curies":[{"name":"wp","href":"https:\/\/api.w.org\/{rel}","templated":true}]}}