{"id":120,"date":"2010-10-27T06:57:00","date_gmt":"2010-10-27T06:57:00","guid":{"rendered":"http:\/\/www.aite-extremadura.org\/blog\/?p=120"},"modified":"2018-05-09T23:39:12","modified_gmt":"2018-05-09T22:39:12","slug":"viii-jornada-internacional-anne-fundacio-trabajando-con-padres","status":"publish","type":"post","link":"http:\/\/www.aite-extremadura.org\/blog\/viii-jornada-internacional-anne-fundacio-trabajando-con-padres\/","title":{"rendered":"VIII Jornada Internacional Anne Fundaci\u00f3. Trabajando con padres."},"content":{"rendered":"<div style=\"clear: both; text-align: center;\"><a href=\"http:\/\/www.aite-extremadura.org\/blog\/wp-content\/uploads\/2010\/10\/banner.png\" style=\"margin-left: 1em; margin-right: 1em;\"><img loading=\"lazy\" decoding=\"async\" border=\"0\" height=\"320\" nx=\"true\" src=\"http:\/\/www.aite-extremadura.org\/blog\/wp-content\/uploads\/2010\/10\/banner-219x300.png\" width=\"233\" \/><\/a><\/div>\n<p>Los d\u00edas 11 y 12 de Febrero, en Barcelona, se celebrar\u00e1 la VIII Jornada Internacional de Anne Fundaci\u00f3, denominada Trabajando con Padres. El lugar de celebraci\u00f3n es el Auditorio Blanquerna. Os dejamos el enlace a la <a href=\"http:\/\/www.annefundacio.org\/es\/index.php\">p\u00e1gina web<\/a> y al <a href=\"http:\/\/www.annefundacio.org\/jornada.php\">programa de la Jornada<\/a>.<\/p>\n","protected":false},"excerpt":{"rendered":"<p>Los d\u00edas 11 y 12 de Febrero, en Barcelona, se celebrar\u00e1 la VIII Jornada Internacional de Anne Fundaci\u00f3, denominada Trabajando con Padres. El lugar de celebraci\u00f3n es el Auditorio Blanquerna. Os dejamos el enlace a la p\u00e1gina web y al programa de la Jornada.<\/p>\n","protected":false},"author":1,"featured_media":313,"comment_status":"closed","ping_status":"open","sticky":false,"template":"","format":"standard","meta":{"_monsterinsights_skip_tracking":false,"_monsterinsights_sitenote_active":false,"_monsterinsights_sitenote_note":"","_monsterinsights_sitenote_category":0,"footnotes":""},"categories":[6],"tags":[],"class_list":["post-120","post","type-post","status-publish","format-standard","has-post-thumbnail","hentry","category-jornadas"],"_links":{"self":[{"href":"http:\/\/www.aite-extremadura.org\/blog\/wp-json\/wp\/v2\/posts\/120","targetHints":{"allow":["GET"]}}],"collection":[{"href":"http:\/\/www.aite-extremadura.org\/blog\/wp-json\/wp\/v2\/posts"}],"about":[{"href":"http:\/\/www.aite-extremadura.org\/blog\/wp-json\/wp\/v2\/types\/post"}],"author":[{"embeddable":true,"href":"http:\/\/www.aite-extremadura.org\/blog\/wp-json\/wp\/v2\/users\/1"}],"replies":[{"embeddable":true,"href":"http:\/\/www.aite-extremadura.org\/blog\/wp-json\/wp\/v2\/comments?post=120"}],"version-history":[{"count":1,"href":"http:\/\/www.aite-extremadura.org\/blog\/wp-json\/wp\/v2\/posts\/120\/revisions"}],"predecessor-version":[{"id":515,"href":"http:\/\/www.aite-extremadura.org\/blog\/wp-json\/wp\/v2\/posts\/120\/revisions\/515"}],"wp:featuredmedia":[{"embeddable":true,"href":"http:\/\/www.aite-extremadura.org\/blog\/wp-json\/wp\/v2\/media\/313"}],"wp:attachment":[{"href":"http:\/\/www.aite-extremadura.org\/blog\/wp-json\/wp\/v2\/media?parent=120"}],"wp:term":[{"taxonomy":"category","embeddable":true,"href":"http:\/\/www.aite-extremadura.org\/blog\/wp-json\/wp\/v2\/categories?post=120"},{"taxonomy":"post_tag","embeddable":true,"href":"http:\/\/www.aite-extremadura.org\/blog\/wp-json\/wp\/v2\/tags?post=120"}],"curies":[{"name":"wp","href":"https:\/\/api.w.org\/{rel}","templated":true}]}}