{"id":12,"date":"2012-05-12T23:35:00","date_gmt":"2012-05-12T23:35:00","guid":{"rendered":"http:\/\/www.aite-extremadura.org\/blog\/?p=12"},"modified":"2018-05-09T23:39:08","modified_gmt":"2018-05-09T22:39:08","slug":"curso-de-comunicacion-alternativa-y-aumentativa-con-arasaac","status":"publish","type":"post","link":"http:\/\/www.aite-extremadura.org\/blog\/curso-de-comunicacion-alternativa-y-aumentativa-con-arasaac\/","title":{"rendered":"Curso de comunicaci\u00f3n alternativa y aumentativa con ARASAAC"},"content":{"rendered":"<div style=\"clear: both; text-align: center;\"><\/div>\n<div style=\"clear: both; text-align: left;\">Los pr\u00f3ximos d\u00edas 16 y 17 de Junio se impartir\u00e1 en C\u00e1ceres un curso sobre \u00abARASAAC: Portal Aragon\u00e9s de la comunicaci\u00f3n aumentativa y aumentativa, software, herramientas y materiales para la comunicaci\u00f3n\u00bb.<\/div>\n<div style=\"clear: both; text-align: left;\">Ten\u00e9is toda la informaci\u00f3n en este<a href=\"http:\/\/engloba-afin.blogspot.com.es\/2012\/05\/curso-de-comunicacion-aumentativa-y.html\"> ENLACE<\/a><\/div>\n<div style=\"clear: both; text-align: left;\"><\/div>\n<div style=\"clear: both; text-align: center;\"><a href=\"http:\/\/engloba-afin.blogspot.com.es\/2012\/05\/curso-de-comunicacion-aumentativa-y.html\"><img loading=\"lazy\" decoding=\"async\" border=\"0\" height=\"320\" src=\"http:\/\/www.aite-extremadura.org\/blog\/wp-content\/uploads\/2012\/05\/ARASAAC-Caceres-213x300.jpg\" width=\"227\" \/><\/a><\/div>\n<p><\/p>\n<div><\/div>\n","protected":false},"excerpt":{"rendered":"<p>Los pr\u00f3ximos d\u00edas 16 y 17 de Junio se impartir\u00e1 en C\u00e1ceres un curso sobre \u00abARASAAC: Portal Aragon\u00e9s de la comunicaci\u00f3n aumentativa y aumentativa, software, herramientas y materiales para la comunicaci\u00f3n\u00bb. Ten\u00e9is toda la informaci\u00f3n en este ENLACE<\/p>\n","protected":false},"author":1,"featured_media":201,"comment_status":"closed","ping_status":"open","sticky":false,"template":"","format":"standard","meta":{"_monsterinsights_skip_tracking":false,"_monsterinsights_sitenote_active":false,"_monsterinsights_sitenote_note":"","_monsterinsights_sitenote_category":0,"footnotes":""},"categories":[3],"tags":[],"class_list":["post-12","post","type-post","status-publish","format-standard","has-post-thumbnail","hentry","category-cursos"],"_links":{"self":[{"href":"http:\/\/www.aite-extremadura.org\/blog\/wp-json\/wp\/v2\/posts\/12","targetHints":{"allow":["GET"]}}],"collection":[{"href":"http:\/\/www.aite-extremadura.org\/blog\/wp-json\/wp\/v2\/posts"}],"about":[{"href":"http:\/\/www.aite-extremadura.org\/blog\/wp-json\/wp\/v2\/types\/post"}],"author":[{"embeddable":true,"href":"http:\/\/www.aite-extremadura.org\/blog\/wp-json\/wp\/v2\/users\/1"}],"replies":[{"embeddable":true,"href":"http:\/\/www.aite-extremadura.org\/blog\/wp-json\/wp\/v2\/comments?post=12"}],"version-history":[{"count":1,"href":"http:\/\/www.aite-extremadura.org\/blog\/wp-json\/wp\/v2\/posts\/12\/revisions"}],"predecessor-version":[{"id":417,"href":"http:\/\/www.aite-extremadura.org\/blog\/wp-json\/wp\/v2\/posts\/12\/revisions\/417"}],"wp:featuredmedia":[{"embeddable":true,"href":"http:\/\/www.aite-extremadura.org\/blog\/wp-json\/wp\/v2\/media\/201"}],"wp:attachment":[{"href":"http:\/\/www.aite-extremadura.org\/blog\/wp-json\/wp\/v2\/media?parent=12"}],"wp:term":[{"taxonomy":"category","embeddable":true,"href":"http:\/\/www.aite-extremadura.org\/blog\/wp-json\/wp\/v2\/categories?post=12"},{"taxonomy":"post_tag","embeddable":true,"href":"http:\/\/www.aite-extremadura.org\/blog\/wp-json\/wp\/v2\/tags?post=12"}],"curies":[{"name":"wp","href":"https:\/\/api.w.org\/{rel}","templated":true}]}}