{"id":118,"date":"2010-10-29T10:42:00","date_gmt":"2010-10-29T10:42:00","guid":{"rendered":"http:\/\/www.aite-extremadura.org\/blog\/?p=118"},"modified":"2018-05-09T23:39:12","modified_gmt":"2018-05-09T22:39:12","slug":"master-universitario-en-atencion-temprana","status":"publish","type":"post","link":"http:\/\/www.aite-extremadura.org\/blog\/master-universitario-en-atencion-temprana\/","title":{"rendered":"Master Universitario en Atenci\u00f3n Temprana"},"content":{"rendered":"<div style=\"clear: both; text-align: center;\"><a href=\"http:\/\/www.aite-extremadura.org\/blog\/wp-content\/uploads\/2010\/10\/cartel.gif\" style=\"margin-left: 1em; margin-right: 1em;\"><img decoding=\"async\" border=\"0\" nx=\"true\" src=\"http:\/\/www.aite-extremadura.org\/blog\/wp-content\/uploads\/2010\/10\/cartel.gif\" \/><\/a><\/div>\n<p>Abierto el plazo de matr\u00edcula para el Master Universitario de Atenci\u00f3n Temprana que organiza el Departamento de Psicolog\u00eda y Antropolog\u00eda de la Facultad de Educaci\u00f3n de la UNEX. La modalidad ser\u00e1 ON LINE y la duraci\u00f3n es de dos a\u00f1os (Curso Especialista+Curso M\u00e1ster). Ten\u00e9is toda la informaci\u00f3n colgada en este <a href=\"http:\/\/www.unex.es\/eweb\/psicologia-formacion\/\">ENLACE<\/a>. Se agradece la difusi\u00f3n de esta informaci\u00f3n.<\/p>\n","protected":false},"excerpt":{"rendered":"<p>Abierto el plazo de matr\u00edcula para el Master Universitario de Atenci\u00f3n Temprana que organiza el Departamento de Psicolog\u00eda y Antropolog\u00eda de la Facultad de Educaci\u00f3n de la UNEX. La modalidad ser\u00e1 ON LINE y la duraci\u00f3n es de dos a\u00f1os (Curso Especialista+Curso M\u00e1ster). Ten\u00e9is toda la informaci\u00f3n colgada en este ENLACE. Se agradece la difusi\u00f3n [&hellip;]<\/p>\n","protected":false},"author":1,"featured_media":311,"comment_status":"closed","ping_status":"open","sticky":false,"template":"","format":"standard","meta":{"_monsterinsights_skip_tracking":false,"_monsterinsights_sitenote_active":false,"_monsterinsights_sitenote_note":"","_monsterinsights_sitenote_category":0,"footnotes":""},"categories":[4],"tags":[],"class_list":["post-118","post","type-post","status-publish","format-standard","has-post-thumbnail","hentry","category-formacion"],"_links":{"self":[{"href":"http:\/\/www.aite-extremadura.org\/blog\/wp-json\/wp\/v2\/posts\/118","targetHints":{"allow":["GET"]}}],"collection":[{"href":"http:\/\/www.aite-extremadura.org\/blog\/wp-json\/wp\/v2\/posts"}],"about":[{"href":"http:\/\/www.aite-extremadura.org\/blog\/wp-json\/wp\/v2\/types\/post"}],"author":[{"embeddable":true,"href":"http:\/\/www.aite-extremadura.org\/blog\/wp-json\/wp\/v2\/users\/1"}],"replies":[{"embeddable":true,"href":"http:\/\/www.aite-extremadura.org\/blog\/wp-json\/wp\/v2\/comments?post=118"}],"version-history":[{"count":1,"href":"http:\/\/www.aite-extremadura.org\/blog\/wp-json\/wp\/v2\/posts\/118\/revisions"}],"predecessor-version":[{"id":513,"href":"http:\/\/www.aite-extremadura.org\/blog\/wp-json\/wp\/v2\/posts\/118\/revisions\/513"}],"wp:featuredmedia":[{"embeddable":true,"href":"http:\/\/www.aite-extremadura.org\/blog\/wp-json\/wp\/v2\/media\/311"}],"wp:attachment":[{"href":"http:\/\/www.aite-extremadura.org\/blog\/wp-json\/wp\/v2\/media?parent=118"}],"wp:term":[{"taxonomy":"category","embeddable":true,"href":"http:\/\/www.aite-extremadura.org\/blog\/wp-json\/wp\/v2\/categories?post=118"},{"taxonomy":"post_tag","embeddable":true,"href":"http:\/\/www.aite-extremadura.org\/blog\/wp-json\/wp\/v2\/tags?post=118"}],"curies":[{"name":"wp","href":"https:\/\/api.w.org\/{rel}","templated":true}]}}