{"id":114,"date":"2010-11-08T11:52:00","date_gmt":"2010-11-08T11:52:00","guid":{"rendered":"http:\/\/www.aite-extremadura.org\/blog\/?p=114"},"modified":"2018-05-09T23:39:12","modified_gmt":"2018-05-09T22:39:12","slug":"aprem-asociacion-de-padres-de-ninos-prematuros","status":"publish","type":"post","link":"http:\/\/www.aite-extremadura.org\/blog\/aprem-asociacion-de-padres-de-ninos-prematuros\/","title":{"rendered":"APREM. Asociaci\u00f3n de Padres de Ni\u00f1os Prematuros"},"content":{"rendered":"<p>La Asociaci\u00f3n de Padres de Ni\u00f1os Prematuros (Aprem) se convirt\u00ed\u00f3, desde el jueves 30 de septiembre de 2010, en una nueva entidad miembro del CERMI.<br \/>Aprem es una asociaci\u00f3n sin animo de lucro de \u00e1mbito estatal fundada en 1999 para la defensa de los ni\u00f1os nacidos prematuros y de sus familias. Su misi\u00f3n es contribuir a que estos ni\u00f1os se desarrollen de forma sana, equilibrada y ofrecer apoyo y orientaci\u00f3n a sus familias. <br \/>Para ello, Aprem promueve una atenci\u00f3n de calidad trabajando de manera coordinada e interdisciplinar con los profesionales de las \u00e1reas sanitaria, educativa y de servicios sociales y colabora con otras entidades y asociaciones con fines similares para lograr la sensibilizaci\u00f3n de las autoridades y de la sociedad en su conjunto sobre los riesgos y dificultades asociados a la prematuridad.<\/p>\n<div style=\"border-bottom: medium none; border-left: medium none; border-right: medium none; border-top: medium none;\">Pod\u00e9is acceder a su p\u00e1gina aqu\u00ed: <a href=\"http:\/\/www.aprem-e.org\/#\">P\u00c1GINA WEB DE APREM<\/a><\/div>\n<div style=\"clear: both; text-align: center;\"><a href=\"http:\/\/www.aprem-e.org\/#\"><img decoding=\"async\" border=\"0\" px=\"true\" src=\"http:\/\/www.aite-extremadura.org\/blog\/wp-content\/uploads\/2010\/11\/logo.png\" \/><\/a><\/div>\n","protected":false},"excerpt":{"rendered":"<p>La Asociaci\u00f3n de Padres de Ni\u00f1os Prematuros (Aprem) se convirt\u00ed\u00f3, desde el jueves 30 de septiembre de 2010, en una nueva entidad miembro del CERMI.Aprem es una asociaci\u00f3n sin animo de lucro de \u00e1mbito estatal fundada en 1999 para la defensa de los ni\u00f1os nacidos prematuros y de sus familias. Su misi\u00f3n es contribuir a [&hellip;]<\/p>\n","protected":false},"author":1,"featured_media":308,"comment_status":"closed","ping_status":"open","sticky":false,"template":"","format":"standard","meta":{"_monsterinsights_skip_tracking":false,"_monsterinsights_sitenote_active":false,"_monsterinsights_sitenote_note":"","_monsterinsights_sitenote_category":0,"footnotes":""},"categories":[7,9],"tags":[],"class_list":["post-114","post","type-post","status-publish","format-standard","has-post-thumbnail","hentry","category-noticias","category-paginas-de-interes"],"_links":{"self":[{"href":"http:\/\/www.aite-extremadura.org\/blog\/wp-json\/wp\/v2\/posts\/114","targetHints":{"allow":["GET"]}}],"collection":[{"href":"http:\/\/www.aite-extremadura.org\/blog\/wp-json\/wp\/v2\/posts"}],"about":[{"href":"http:\/\/www.aite-extremadura.org\/blog\/wp-json\/wp\/v2\/types\/post"}],"author":[{"embeddable":true,"href":"http:\/\/www.aite-extremadura.org\/blog\/wp-json\/wp\/v2\/users\/1"}],"replies":[{"embeddable":true,"href":"http:\/\/www.aite-extremadura.org\/blog\/wp-json\/wp\/v2\/comments?post=114"}],"version-history":[{"count":1,"href":"http:\/\/www.aite-extremadura.org\/blog\/wp-json\/wp\/v2\/posts\/114\/revisions"}],"predecessor-version":[{"id":511,"href":"http:\/\/www.aite-extremadura.org\/blog\/wp-json\/wp\/v2\/posts\/114\/revisions\/511"}],"wp:featuredmedia":[{"embeddable":true,"href":"http:\/\/www.aite-extremadura.org\/blog\/wp-json\/wp\/v2\/media\/308"}],"wp:attachment":[{"href":"http:\/\/www.aite-extremadura.org\/blog\/wp-json\/wp\/v2\/media?parent=114"}],"wp:term":[{"taxonomy":"category","embeddable":true,"href":"http:\/\/www.aite-extremadura.org\/blog\/wp-json\/wp\/v2\/categories?post=114"},{"taxonomy":"post_tag","embeddable":true,"href":"http:\/\/www.aite-extremadura.org\/blog\/wp-json\/wp\/v2\/tags?post=114"}],"curies":[{"name":"wp","href":"https:\/\/api.w.org\/{rel}","templated":true}]}}